{"id":30931,"date":"2020-08-07T09:55:37","date_gmt":"2020-08-07T12:55:37","guid":{"rendered":"http:\/\/www.sincomam.org.br\/?p=30931"},"modified":"2020-08-07T09:55:37","modified_gmt":"2020-08-07T12:55:37","slug":"projeto-de-lei-obriga-empregador-a-arcar-com-custos-do-teletrabalho","status":"publish","type":"post","link":"https:\/\/www.sincomam.org.br\/index.php\/projeto-de-lei-obriga-empregador-a-arcar-com-custos-do-teletrabalho\/","title":{"rendered":"Projeto de lei obriga empregador a arcar com custos do teletrabalho"},"content":{"rendered":"<p><strong><em>Texto que tramita na C\u00e2mara prev\u00ea que, al\u00e9m de arcar com custos do teletrabalho, na modalidade sejam aplic\u00e1veis dispositivos da CLT relativos \u00e0 jornada de trabalho<\/em><\/strong><\/p>\n<p>Est\u00e1 em tramita\u00e7\u00e3o na C\u00e2mara dos Deputados o Projeto de Lei 3915\/20, que visa alterar a Consolida\u00e7\u00e3o das Leis do Trabalho (CLT) para obrigar o empregador a disponibilizar a infraestrutura, os materiais, os equipamentos de tecnologia, os servi\u00e7os de dados e de telefonia necess\u00e1rios ao teletrabalho.<\/p>\n<p>O texto, de autoria do deputado Bosco Costa (PL-SE), determina que esses gastos n\u00e3o integrar\u00e3o o valor do sal\u00e1rio, permitindo-se o reembolso de eventuais despesas realizadas pelo empregado com aquisi\u00e7\u00e3o de equipamentos ou reparo.<\/p>\n<p>Hoje a CLT prev\u00ea que as disposi\u00e7\u00f5es relativas a essas despesas ser\u00e3o previstas em contrato escrito.<\/p>\n<p><strong>Jornada e descanso<\/strong><\/p>\n<p>Al\u00e9m do subs\u00eddio financeiro ao teletrabalho, a proposta em an\u00e1lise na C\u00e2mara tamb\u00e9m obriga o empregador a cumprir os dispositivos relativos \u00e0 jornada de trabalho e per\u00edodos de descanso previstos na CLT no trabalho remoto.<\/p>\n<p>Hoje os dispositivos relativos ao tema, que contemplam jornada de 8 horas e descanso m\u00ednimo de 11 horas entre duas jornadas, n\u00e3o s\u00e3o aplic\u00e1veis ao trabalho remoto.<\/p>\n<p>Segundo o deputado Bosco Costa (PL-SE) \u00e9 preciso \u201cgarantir ao trabalhador o direito \u00e0 jornada normal de trabalho e aos descansos necess\u00e1rios \u00e0 higidez laboral\u201d.<\/p>\n<p>Al\u00e9m disso, ele discorda da possibilidade de transfer\u00eancia para o empregado das despesas relativas \u00e0 atividade laboral.<\/p>\n<p>Fonte: Portal Cont\u00e1beis<\/p>\n","protected":false},"excerpt":{"rendered":"<p>Texto que tramita na C\u00e2mara prev\u00ea que, al\u00e9m de arcar com custos do teletrabalho, na modalidade sejam aplic\u00e1veis dispositivos da CLT relativos \u00e0 jornada de&#8230;<\/p>\n","protected":false},"author":1182,"featured_media":30932,"comment_status":"closed","ping_status":"closed","sticky":false,"template":"","format":"standard","meta":{"footnotes":""},"categories":[6],"tags":[732,705,3616,1001,3617,367,3301,974],"class_list":["post-30931","post","type-post","status-publish","format-standard","has-post-thumbnail","hentry","category-noticias","tag-camara","tag-custos","tag-empregador","tag-lei","tag-lei-3915-20","tag-projeto","tag-teletrabalho","tag-votacao"],"_links":{"self":[{"href":"https:\/\/www.sincomam.org.br\/index.php\/wp-json\/wp\/v2\/posts\/30931","targetHints":{"allow":["GET"]}}],"collection":[{"href":"https:\/\/www.sincomam.org.br\/index.php\/wp-json\/wp\/v2\/posts"}],"about":[{"href":"https:\/\/www.sincomam.org.br\/index.php\/wp-json\/wp\/v2\/types\/post"}],"author":[{"embeddable":true,"href":"https:\/\/www.sincomam.org.br\/index.php\/wp-json\/wp\/v2\/users\/1182"}],"replies":[{"embeddable":true,"href":"https:\/\/www.sincomam.org.br\/index.php\/wp-json\/wp\/v2\/comments?post=30931"}],"version-history":[{"count":1,"href":"https:\/\/www.sincomam.org.br\/index.php\/wp-json\/wp\/v2\/posts\/30931\/revisions"}],"predecessor-version":[{"id":30933,"href":"https:\/\/www.sincomam.org.br\/index.php\/wp-json\/wp\/v2\/posts\/30931\/revisions\/30933"}],"wp:featuredmedia":[{"embeddable":true,"href":"https:\/\/www.sincomam.org.br\/index.php\/wp-json\/wp\/v2\/media\/30932"}],"wp:attachment":[{"href":"https:\/\/www.sincomam.org.br\/index.php\/wp-json\/wp\/v2\/media?parent=30931"}],"wp:term":[{"taxonomy":"category","embeddable":true,"href":"https:\/\/www.sincomam.org.br\/index.php\/wp-json\/wp\/v2\/categories?post=30931"},{"taxonomy":"post_tag","embeddable":true,"href":"https:\/\/www.sincomam.org.br\/index.php\/wp-json\/wp\/v2\/tags?post=30931"}],"curies":[{"name":"wp","href":"https:\/\/api.w.org\/{rel}","templated":true}]}}