{"id":30913,"date":"2020-08-06T12:06:26","date_gmt":"2020-08-06T15:06:26","guid":{"rendered":"http:\/\/www.sincomam.org.br\/?p=30913"},"modified":"2020-08-06T12:06:26","modified_gmt":"2020-08-06T15:06:26","slug":"equipe-volante-e-criada-para-desinfeccao-dos-navios-e-da-sede-do-grupamento-de-patrulha-naval-do-leste","status":"publish","type":"post","link":"https:\/\/www.sincomam.org.br\/index.php\/equipe-volante-e-criada-para-desinfeccao-dos-navios-e-da-sede-do-grupamento-de-patrulha-naval-do-leste\/","title":{"rendered":"Equipe Volante \u00e9 criada para desinfec\u00e7\u00e3o dos navios e da sede do Grupamento de Patrulha Naval do Leste"},"content":{"rendered":"<p>A Marinha do Brasil informa que, em cumprimento aos protocolos do Centro de Defesa Nuclear, Biol\u00f3gica, Qu\u00edmica e Radiol\u00f3gica da Marinha referentes ao combate do novo coronav\u00edrus, o Comando do Grupamento de Patrulha Naval do Leste (ComGptPatNavL) criou a Equipe Volante de Desinfec\u00e7\u00e3o do Grupamento (EVDG) para realizar rotineiramente a limpeza e a desinfec\u00e7\u00e3o preventiva nas instala\u00e7\u00f5es e meios subordinados.<\/p>\n<p><em>&#8220;As a\u00e7\u00f5es de desinfec\u00e7\u00e3o s\u00e3o realizadas desde junho e contemplam as \u00e1reas comuns, alojamentos, banheiros, refeit\u00f3rio e corredores. A higieniza\u00e7\u00e3o \u00e9 realizada em ambientes e materiais. O prop\u00f3sito \u00e9 assegurar um ambiente de trabalho em condi\u00e7\u00f5es mais seguras e a plena capacidade operacional&#8221;, de acordo as informa\u00e7\u00f5es divulgadas pela Marinha.<\/em><\/p>\n<p>A EVDG \u00e9 composta por militares oriundos das Equipes de Desinfec\u00e7\u00e3o do ComGptPatNavL e dos meios subordinados, que foram habilitados por meio do Est\u00e1gio de Qualifica\u00e7\u00e3o T\u00e9cnica Especial de Atua\u00e7\u00e3o Contra a Prolifera\u00e7\u00e3o da Covid-19 e do Est\u00e1gio B\u00e1sico de Defesa NBQR, ministrados pelo Grupamento de Fuzileiros Navais de Salvador-BA.<\/p>\n<p>*Com informa\u00e7\u00f5es da MB \/ Foto: divulga\u00e7\u00e3o Marinha<\/p>\n","protected":false},"excerpt":{"rendered":"<p>A Marinha do Brasil informa que, em cumprimento aos protocolos do Centro de Defesa Nuclear, Biol\u00f3gica, Qu\u00edmica e Radiol\u00f3gica da Marinha referentes ao combate do&#8230;<\/p>\n","protected":false},"author":1182,"featured_media":30915,"comment_status":"closed","ping_status":"closed","sticky":false,"template":"","format":"standard","meta":{"footnotes":""},"categories":[6],"tags":[2965,3294,3315,3609,67,117,1255],"class_list":["post-30913","post","type-post","status-publish","format-standard","has-post-thumbnail","hentry","category-noticias","tag-desinfeccao","tag-equipe","tag-grupamento","tag-leste","tag-naval","tag-navios","tag-patrulha"],"_links":{"self":[{"href":"https:\/\/www.sincomam.org.br\/index.php\/wp-json\/wp\/v2\/posts\/30913","targetHints":{"allow":["GET"]}}],"collection":[{"href":"https:\/\/www.sincomam.org.br\/index.php\/wp-json\/wp\/v2\/posts"}],"about":[{"href":"https:\/\/www.sincomam.org.br\/index.php\/wp-json\/wp\/v2\/types\/post"}],"author":[{"embeddable":true,"href":"https:\/\/www.sincomam.org.br\/index.php\/wp-json\/wp\/v2\/users\/1182"}],"replies":[{"embeddable":true,"href":"https:\/\/www.sincomam.org.br\/index.php\/wp-json\/wp\/v2\/comments?post=30913"}],"version-history":[{"count":1,"href":"https:\/\/www.sincomam.org.br\/index.php\/wp-json\/wp\/v2\/posts\/30913\/revisions"}],"predecessor-version":[{"id":30916,"href":"https:\/\/www.sincomam.org.br\/index.php\/wp-json\/wp\/v2\/posts\/30913\/revisions\/30916"}],"wp:featuredmedia":[{"embeddable":true,"href":"https:\/\/www.sincomam.org.br\/index.php\/wp-json\/wp\/v2\/media\/30915"}],"wp:attachment":[{"href":"https:\/\/www.sincomam.org.br\/index.php\/wp-json\/wp\/v2\/media?parent=30913"}],"wp:term":[{"taxonomy":"category","embeddable":true,"href":"https:\/\/www.sincomam.org.br\/index.php\/wp-json\/wp\/v2\/categories?post=30913"},{"taxonomy":"post_tag","embeddable":true,"href":"https:\/\/www.sincomam.org.br\/index.php\/wp-json\/wp\/v2\/tags?post=30913"}],"curies":[{"name":"wp","href":"https:\/\/api.w.org\/{rel}","templated":true}]}}