{"id":30906,"date":"2020-08-06T11:51:48","date_gmt":"2020-08-06T14:51:48","guid":{"rendered":"http:\/\/www.sincomam.org.br\/?p=30906"},"modified":"2020-08-06T11:58:52","modified_gmt":"2020-08-06T14:58:52","slug":"desemprego-no-brasil-chega-a-133-no-segundo-trimestre","status":"publish","type":"post","link":"https:\/\/www.sincomam.org.br\/index.php\/desemprego-no-brasil-chega-a-133-no-segundo-trimestre\/","title":{"rendered":"Desemprego no Brasil chega a 13,3% no segundo trimestre"},"content":{"rendered":"<p><strong><em>Popula\u00e7\u00e3o ocupada tem menor n\u00edvel da s\u00e9rie iniciada em 2012<\/em><\/strong><\/p>\n<p>O segundo trimestre de 2020 registrou recorde na redu\u00e7\u00e3o de 9,6% no n\u00famero de pessoas ocupadas no Brasil. No total, 8,9 milh\u00f5es de pessoas perderam seus postos de trabalho de abril a junho, em rela\u00e7\u00e3o ao per\u00edodo de janeiro a mar\u00e7o. Com isso, a popula\u00e7\u00e3o ocupada ficou em 83,3 milh\u00f5es, o menor n\u00edvel da s\u00e9rie hist\u00f3rica, iniciada em 2012. Na compara\u00e7\u00e3o com o mesmo per\u00edodo de 2019, a queda foi de 10,7%.<\/p>\n<p>Os dados s\u00e3o da Pesquisa Nacional por Amostra de Domic\u00edlios Cont\u00ednua (Pnad Cont\u00ednua), divulgada hoje (6) pelo Instituto Brasileiro de Geografia e Estat\u00edstica (IBGE). Na compara\u00e7\u00e3o com o primeiro trimestre do ano, a taxa de desocupa\u00e7\u00e3o subiu 1,1 ponto percentual e fechou o segundo trimestre em 13,3%.<\/p>\n<p>Por outro lado, o n\u00famero de desocupados se manteve est\u00e1vel em 12,8 milh\u00f5es de pessoas. Segundo a analista da pesquisa, Adriana Beringuy, essa estabilidade na desocupa\u00e7\u00e3o se explica pela redu\u00e7\u00e3o da for\u00e7a de trabalho, que soma as pessoas ocupadas e as desocupadas.<\/p>\n<p><em>\u201cEssa taxa \u00e9 fruto de um percentual de desocupados dentro da for\u00e7a de trabalho. Como a for\u00e7a de trabalho sofreu queda recorde de 8,5% em fun\u00e7\u00e3o da redu\u00e7\u00e3o no n\u00famero de ocupados, a taxa cresce percentualmente mesmo diante da estabilidade da popula\u00e7\u00e3o desocupada\u201d.<\/em><\/p>\n<p>A for\u00e7a de trabalho potencial chegou a 13,5 milh\u00f5es de pessoas, com a entrada de 5,2 milh\u00f5es de pessoas na categoria. Esse grupo re\u00fane pessoas dispon\u00edveis para trabalhar, mas n\u00e3o se enquadram como ocupados nem como desocupados. Segundo Adriana, motivos ligados \u00e0 pandemia de covid-19 foram alegados por boa parte das pessoas por n\u00e3o estarem trabalhando.<\/p>\n<p>O n\u00edvel da ocupa\u00e7\u00e3o caiu 5,6 pontos percentuais frente ao trimestre anterior, atingindo 47,9%, o menor da s\u00e9rie hist\u00f3rica. A popula\u00e7\u00e3o subutilizada cresceu 15,7%, chegando a 29,1%, um total de 31,9 milh\u00f5es de pessoas. J\u00e1 a popula\u00e7\u00e3o fora da for\u00e7a de trabalho chegou a 77,8 milh\u00f5es de pessoas, o maior contingente da s\u00e9rie hist\u00f3rica, com crescimento recorde de 15,6%, ou 10,5 milh\u00f5es de pessoas, na compara\u00e7\u00e3o trimestral.<\/p>\n<p><strong>Com\u00e9rcio<\/strong><\/p>\n<p>Todos os setores analisados pela Pnad Cont\u00ednua sofreram perdas no n\u00famero de ocupados, mas a \u00e1rea mais atingida foi o com\u00e9rcio, onde 2,1 milh\u00f5es de pessoas perderam suas vagas, uma queda de 12,3% na compara\u00e7\u00e3o trimestral. Na categoria alojamento e alimenta\u00e7\u00e3o, a redu\u00e7\u00e3o atingiu 1,3 milh\u00e3o de pessoas, uma queda de 25,2% no setor.<\/p>\n<p>Na constru\u00e7\u00e3o, foram 1,1 milh\u00e3o de trabalhadores a menos, o que representa uma redu\u00e7\u00e3o de 16,6% na ocupa\u00e7\u00e3o. Em servi\u00e7os dom\u00e9sticos, a queda chegou a 21,1%, um total de 1,3 milh\u00e3o de pessoas.<\/p>\n<p>Os desalentados chegaram ao mais alto n\u00edvel da s\u00e9rie hist\u00f3rica &#8211; 5,7 milh\u00f5es de pessoas &#8211; um acr\u00e9scimo de 19,1% em rela\u00e7\u00e3o ao trimestre anterior. A categoria inclui as pessoas que desistiram de procurar ocupa\u00e7\u00e3o.<\/p>\n<p><strong>Carteira assinada<\/strong><\/p>\n<p>O n\u00famero de postos de trabalho com carteira assinada no setor privado chegou ao mais baixo patamar da s\u00e9rie hist\u00f3rica &#8211; 30,2 milh\u00f5es de pessoas empregadas formalmente &#8211;\u00a0 uma queda de 8,9%, que corresponde a 2,9 milh\u00f5es de pessoas.<\/p>\n<p>Os empregadores ficaram em 4 milh\u00f5es de pessoas, uma queda de 9,8% em rela\u00e7\u00e3o ao primeiro trimestre de 2020. O grupo de empregados no setor p\u00fablico, incluindo servidores estatut\u00e1rios e militares, chegou a 12,4 milh\u00f5es, um aumento de 6,1%.<\/p>\n<p>Na categoria dos empregados no setor privado sem carteira de trabalho assinada a queda foi de 2,4 milh\u00f5es de pessoas, totalizando 8,6 milh\u00f5es no trimestre encerrado em junho. Os trabalhadores por conta pr\u00f3pria diminu\u00edram 10,3% e somam 21,7 milh\u00f5es de pessoas, 2,5 milh\u00f5es a menos do que no primeiro trimestre do ano.<\/p>\n<p>Entre os trabalhadores informais, os empregadores sem CNPJ tiveram queda de 16,9%, totalizando 665 mil pessoas nessa situa\u00e7\u00e3o. Adriana Beringuy destaca que a queda na informalidade representa 68% da queda total da ocupa\u00e7\u00e3o no trimestre.<\/p>\n<p>Com menos trabalhadores informais, que tem remunera\u00e7\u00f5es menores, o rendimento m\u00e9dio habitual aumentou 4,6% no segundo trimestre, chegando a R$2.500, o maior desde o in\u00edcio da s\u00e9rie hist\u00f3rica. Por outro lado, com o aumento da desocupa\u00e7\u00e3o geral, a massa de rendimento real teve redu\u00e7\u00e3o de 5,6%, com uma perda de R$ 12 bilh\u00f5es.<\/p>\n<p>Fonte: Ag\u00eancia Brasil<\/p>\n<p><strong>Leia tamb\u00e9m: <\/strong><a href=\"https:\/\/www.sincomam.org.br\/index.php\/pedidos-de-seguro-desemprego-caem-para-57054-mil-em-julho\/\" target=\"_blank\" rel=\"noopener noreferrer\"><strong>Pedido de seguro-desemprego \u00e9 feito pela internet<\/strong><\/a><\/p>\n","protected":false},"excerpt":{"rendered":"<p>Popula\u00e7\u00e3o ocupada tem menor n\u00edvel da s\u00e9rie iniciada em 2012 O segundo trimestre de 2020 registrou recorde na redu\u00e7\u00e3o de 9,6% no n\u00famero de pessoas&#8230;<\/p>\n","protected":false},"author":1182,"featured_media":17807,"comment_status":"closed","ping_status":"closed","sticky":false,"template":"","format":"standard","meta":{"footnotes":""},"categories":[6],"tags":[61,2985,2752,2751,833,556,1848,630,1849,3608,554],"class_list":["post-30906","post","type-post","status-publish","format-standard","has-post-thumbnail","hentry","category-noticias","tag-brasil","tag-brasileiro","tag-coronavirus","tag-covid-19","tag-desemprego","tag-geracao","tag-ibge","tag-pesquisa","tag-pnad","tag-postos","tag-trabalho"],"_links":{"self":[{"href":"https:\/\/www.sincomam.org.br\/index.php\/wp-json\/wp\/v2\/posts\/30906","targetHints":{"allow":["GET"]}}],"collection":[{"href":"https:\/\/www.sincomam.org.br\/index.php\/wp-json\/wp\/v2\/posts"}],"about":[{"href":"https:\/\/www.sincomam.org.br\/index.php\/wp-json\/wp\/v2\/types\/post"}],"author":[{"embeddable":true,"href":"https:\/\/www.sincomam.org.br\/index.php\/wp-json\/wp\/v2\/users\/1182"}],"replies":[{"embeddable":true,"href":"https:\/\/www.sincomam.org.br\/index.php\/wp-json\/wp\/v2\/comments?post=30906"}],"version-history":[{"count":3,"href":"https:\/\/www.sincomam.org.br\/index.php\/wp-json\/wp\/v2\/posts\/30906\/revisions"}],"predecessor-version":[{"id":30912,"href":"https:\/\/www.sincomam.org.br\/index.php\/wp-json\/wp\/v2\/posts\/30906\/revisions\/30912"}],"wp:featuredmedia":[{"embeddable":true,"href":"https:\/\/www.sincomam.org.br\/index.php\/wp-json\/wp\/v2\/media\/17807"}],"wp:attachment":[{"href":"https:\/\/www.sincomam.org.br\/index.php\/wp-json\/wp\/v2\/media?parent=30906"}],"wp:term":[{"taxonomy":"category","embeddable":true,"href":"https:\/\/www.sincomam.org.br\/index.php\/wp-json\/wp\/v2\/categories?post=30906"},{"taxonomy":"post_tag","embeddable":true,"href":"https:\/\/www.sincomam.org.br\/index.php\/wp-json\/wp\/v2\/tags?post=30906"}],"curies":[{"name":"wp","href":"https:\/\/api.w.org\/{rel}","templated":true}]}}