{"id":30903,"date":"2020-08-06T11:40:10","date_gmt":"2020-08-06T14:40:10","guid":{"rendered":"http:\/\/www.sincomam.org.br\/?p=30903"},"modified":"2020-08-06T11:40:10","modified_gmt":"2020-08-06T14:40:10","slug":"defesa-civil-reconhece-situacao-de-emergencia-em-municipios-de-ms","status":"publish","type":"post","link":"https:\/\/www.sincomam.org.br\/index.php\/defesa-civil-reconhece-situacao-de-emergencia-em-municipios-de-ms\/","title":{"rendered":"Defesa Civil reconhece situa\u00e7\u00e3o de emerg\u00eancia em munic\u00edpios de MS"},"content":{"rendered":"<p><strong><em>Inc\u00eandios atingem v\u00e1rias \u00e1reas, entre elas Corumb\u00e1 e Lad\u00e1rio<\/em><\/strong><\/p>\n<p>Os inc\u00eandios florestais que atingem algumas regi\u00f5es do estado de Mato Grosso do Sul levam a Secretaria Nacional de Prote\u00e7\u00e3o e Defesa Civil, \u00f3rg\u00e3o do Minist\u00e9rio do Desenvolvimento Regional, a reconhecer situa\u00e7\u00e3o de emerg\u00eancia nos munic\u00edpios de Corumb\u00e1 e Lad\u00e1rio.<\/p>\n<p>A medida consta da Portaria n\u00ba 2.127, de 5 de agosto de 2020, publicada no Di\u00e1rio Oficial da Uni\u00e3o desta quinta-feira (6). Equipes do Minist\u00e9rio do Meio Ambiente e das For\u00e7as Armadas j\u00e1 atuam na regi\u00e3o desde o fim de julho a pedido do governador do estado, Reinaldo Azambuja, que declarou estado de emerg\u00eancia ambiental por 180 dias.<\/p>\n<p>O governador determinou tamb\u00e9m a suspens\u00e3o de autoriza\u00e7\u00f5es para queimadas controladas no estado. Segundo o governo estadual, os maiores focos de calor s\u00e3o ao longo do Rio Pantanal, pr\u00f3ximo \u00e0s cidades de Corumb\u00e1 e Lad\u00e1rio.<\/p>\n<p>As equipes federais trabalham em conjunto com o Corpo de Bombeiros e da Pol\u00edcia Militar Ambiental. A iniciativa \u00e9 coordenada pela Secretaria de Meio Ambiente, Desenvolvimento Econ\u00f4mico, Produ\u00e7\u00e3o e Agricultura Familiar (Semagro).<\/p>\n<p><strong>Inc\u00eandios na Amaz\u00f4nia<\/strong><\/p>\n<p>O Minist\u00e9rio do Meio Ambiente (MMA) anunciou nesta semana a amplia\u00e7\u00e3o da for\u00e7a-tarefa para combater inc\u00eandios florestais na Amaz\u00f4nia Legal. Segundo a pasta, ser\u00e3o disponibilizados mais R$ 10 milh\u00f5es para a contrata\u00e7\u00e3o de cinco aeronaves durante o per\u00edodo de maior seca na regi\u00e3o. No dia 15 de julho foi editado um decreto que pro\u00edbe o emprego de fogo em \u00e1reas rurais por um per\u00edodo de 120 dias. A medida vale para todo o territ\u00f3rio nacional.<\/p>\n<p>A Opera\u00e7\u00e3o \u201cVerde Brasil II\u201d, a fim de cumprir o Decreto n\u00b0 10.341, de 6 de maio de 2020, do Presidente da Rep\u00fablica, autorizou o emprego das For\u00e7as Armadas na Garantia da Lei e da Ordem e em a\u00e7\u00f5es subsidi\u00e1rias nos Estados da Amaz\u00f4nia Legal. Os militares e meios das For\u00e7as Armadas est\u00e3o sendo empregados com objetivo de realizar a\u00e7\u00f5es preventivas e repressivas contra delitos ambientais, direcionada ao desmatamento ilegal e combate a focos de inc\u00eandio.<\/p>\n<p>O vice-presidente da Rep\u00fablica e presidente do Conselho Nacional da Amaz\u00f4nia Legal, Hamilton Mour\u00e3o, destacou que os problemas respirat\u00f3rios enfrentados pelas pessoas infectadas por covid-19 podem ainda piorar com a aspira\u00e7\u00e3o da fuma\u00e7a vinda das florestas.<\/p>\n<p><em>&#8220;Todos os anos, quando chega o per\u00edodo de estiagem, ou seja, o ver\u00e3o amaz\u00f4nico, o risco aumenta com o clima e a vegeta\u00e7\u00e3o mais secos com poucas nuvens e quase nenhuma chuva. Esses fatores naturais favorecem aparecimento de focos de inc\u00eandio. Diferentemente da queimada natural, o inc\u00eandio florestal \u00e9 fogo fora de controle&#8221;, disse Mour\u00e3o, durante a exibi\u00e7\u00e3o do programa Por Dentro da Amaz\u00f4nia, que vai ao ar na R\u00e1dio Nacional. <\/em><\/p>\n<p>Fonte: Ag\u00eancia Brasil \/ Foto: Valter Campanato &#8211; Arquivo Ag\u00eancia Brasil<\/p>\n","protected":false},"excerpt":{"rendered":"<p>Inc\u00eandios atingem v\u00e1rias \u00e1reas, entre elas Corumb\u00e1 e Lad\u00e1rio Os inc\u00eandios florestais que atingem algumas regi\u00f5es do estado de Mato Grosso do Sul levam a&#8230;<\/p>\n","protected":false},"author":1182,"featured_media":30904,"comment_status":"closed","ping_status":"closed","sticky":false,"template":"","format":"standard","meta":{"footnotes":""},"categories":[6],"tags":[2942,61,2975,3604,3606,660,3605,894,192,115,3607,2437,1064],"class_list":["post-30903","post","type-post","status-publish","format-standard","has-post-thumbnail","hentry","category-noticias","tag-amazonia","tag-brasil","tag-crime","tag-defesa-civil","tag-devastacao","tag-emergencia","tag-floresta","tag-forcas-armadas","tag-governo","tag-incendio","tag-mata-atlantica","tag-mato-grosso-do-sul","tag-situacao"],"_links":{"self":[{"href":"https:\/\/www.sincomam.org.br\/index.php\/wp-json\/wp\/v2\/posts\/30903","targetHints":{"allow":["GET"]}}],"collection":[{"href":"https:\/\/www.sincomam.org.br\/index.php\/wp-json\/wp\/v2\/posts"}],"about":[{"href":"https:\/\/www.sincomam.org.br\/index.php\/wp-json\/wp\/v2\/types\/post"}],"author":[{"embeddable":true,"href":"https:\/\/www.sincomam.org.br\/index.php\/wp-json\/wp\/v2\/users\/1182"}],"replies":[{"embeddable":true,"href":"https:\/\/www.sincomam.org.br\/index.php\/wp-json\/wp\/v2\/comments?post=30903"}],"version-history":[{"count":1,"href":"https:\/\/www.sincomam.org.br\/index.php\/wp-json\/wp\/v2\/posts\/30903\/revisions"}],"predecessor-version":[{"id":30905,"href":"https:\/\/www.sincomam.org.br\/index.php\/wp-json\/wp\/v2\/posts\/30903\/revisions\/30905"}],"wp:featuredmedia":[{"embeddable":true,"href":"https:\/\/www.sincomam.org.br\/index.php\/wp-json\/wp\/v2\/media\/30904"}],"wp:attachment":[{"href":"https:\/\/www.sincomam.org.br\/index.php\/wp-json\/wp\/v2\/media?parent=30903"}],"wp:term":[{"taxonomy":"category","embeddable":true,"href":"https:\/\/www.sincomam.org.br\/index.php\/wp-json\/wp\/v2\/categories?post=30903"},{"taxonomy":"post_tag","embeddable":true,"href":"https:\/\/www.sincomam.org.br\/index.php\/wp-json\/wp\/v2\/tags?post=30903"}],"curies":[{"name":"wp","href":"https:\/\/api.w.org\/{rel}","templated":true}]}}