{"id":30897,"date":"2020-08-05T10:22:15","date_gmt":"2020-08-05T13:22:15","guid":{"rendered":"http:\/\/www.sincomam.org.br\/?p=30897"},"modified":"2020-08-05T10:22:15","modified_gmt":"2020-08-05T13:22:15","slug":"governo-lanca-mais-um-canal-para-contestar-auxilio-emergencial-negado","status":"publish","type":"post","link":"https:\/\/www.sincomam.org.br\/index.php\/governo-lanca-mais-um-canal-para-contestar-auxilio-emergencial-negado\/","title":{"rendered":"Governo lan\u00e7a mais um canal para contestar aux\u00edlio emergencial negado"},"content":{"rendered":"<p><strong><em>Agora, \u00e9 poss\u00edvel reclamar tamb\u00e9m por meio do site da Dataprev, al\u00e9m das op\u00e7\u00f5es da Caixa<\/em><\/strong><\/p>\n<p>Os trabalhadores que se inscreveram para receber o aux\u00edlio emergencial\u00a0 do governo federal, mas tiveram o benef\u00edcio negado, ganharam mais um canal para contesta\u00e7\u00e3o do resultado . Agora, \u00e9 poss\u00edvel pedir a reconsidera\u00e7\u00e3o tamb\u00e9m por meio do site da Dataprev. At\u00e9 ent\u00e3o, essa reclama\u00e7\u00e3o era feita apenas pelos canais da Caixa Econ\u00f4mica Federal (site e aplicativo Caixa \/ Aux\u00edlio Emergencial).<\/p>\n<p>De acordo com o Minist\u00e9rio da Cidadania, o canal da Dataprev \u00e9 voltado, principalmente, para os casos em que o indeferimento se d\u00e1 por altera\u00e7\u00e3o da situa\u00e7\u00e3o da pessoa com a atualiza\u00e7\u00e3o da base de dados cadastrais.<\/p>\n<p>As situa\u00e7\u00f5es mais comuns, neste caso, s\u00e3o de pessoas que eram menores de idade e completaram 18 anos; cidad\u00e3os que foram servidores p\u00fablicos ou militares, mas n\u00e3o t\u00eam mais esses v\u00ednculos; e pessoas que perderam seus empregos e n\u00e3o t\u00eam direito ao seguro-desemprego ou n\u00e3o recebem o Benef\u00edcio Emergencial de Preserva\u00e7\u00e3o do Emprego e da Renda (valor pago aos trabalhadores que tiveram suspens\u00e3o tempor\u00e1ria do contrato de trabalho ou redu\u00e7\u00e3o de jornada e sal\u00e1rio).<\/p>\n<p><strong>Como fazer a contesta\u00e7\u00e3o<\/strong><\/p>\n<p>Ao entrar no site da Dataprev, o cidad\u00e3o pode fazer a consulta \u00e0 situa\u00e7\u00e3o do aux\u00edlio. Para isso, \u00e9 preciso informar o n\u00famero do CPF, o nome completo e o nome da m\u00e3e, al\u00e9m da data de nascimento, selecionando a op\u00e7\u00e3o &#8220;N\u00e3o sou rob\u00f4&#8221;.<\/p>\n<p>Na tela onde aparece o resultado do processamento, o trabalhador pode selecionar o bot\u00e3o &#8220;Contestar an\u00e1lise&#8221;, que aparece abaixo.<\/p>\n<p><em>&#8220;A resposta ap\u00f3s o reprocessamento ser\u00e1 informada por meio das plataformas digitais da Caixa (site ou aplicativo) e pelo site da Dataprev&#8221;, informou o Minist\u00e9rio da Cidadania.<\/em><\/p>\n<p><strong>An\u00e1lise de outras reclama\u00e7\u00f5es<\/strong><\/p>\n<p>A Dataprev \u00e9 a empresa de processamento de dados do governo respons\u00e1vel por analisar os dados dos trabalhadores, a fim de confirmar se fazem ou n\u00e3o jus ao aux\u00edlio. Uma vez reconhecido o direito, o pagamento \u00e9 liberado para a Caixa Econ\u00f4mica Federal. Al\u00e9m de analisar as contesta\u00e7\u00f5es que agora ser\u00e3o feitas em seu site, a Dataprev continuar\u00e1 a processar as reclama\u00e7\u00f5es apresentadas pelos canais da Caixa (site e aplicativo).<\/p>\n<p>A contesta\u00e7\u00e3o tamb\u00e9m pode ser feita na Defensoria P\u00fablica da Uni\u00e3o (DPU), de forma extrajudicial, ou seja, sem a necessidade de entrar com a\u00e7\u00e3o na Justi\u00e7a. A recomenda\u00e7\u00e3o \u00e9 que o cidad\u00e3o busque informa\u00e7\u00f5es sobre a unidade da DPU em seu munic\u00edpio pelo <a href=\"https:\/\/www.dpu.def.br\/contatos\" target=\"_blank\" rel=\"noopener noreferrer\"><strong>site \u2013 clique aqui.<\/strong><\/a><\/p>\n<p>Al\u00e9m disso, a alternativa para as cidades que n\u00e3o contam com a DPU \u00e9 a Justi\u00e7a Federal, ou seja, que o cidad\u00e3o aju\u00edze direta e gratuitamente seu processo.<\/p>\n<p><strong>Libera\u00e7\u00f5es ap\u00f3s rean\u00e1lise dos pedidos<\/strong><\/p>\n<p>Segundo o Minist\u00e9rio da Cidadania, mais de 800 mil pessoas consideradas inicialmente ineleg\u00edveis para o recebimento do aux\u00edlio j\u00e1 foram beneficiadas ap\u00f3s apresentarem contesta\u00e7\u00f5es via aplicativo ou site da Caixa. Elas v\u00e3o a receber a primeira parcela do benef\u00edcio nesta quarta-feira (5).<\/p>\n<p>Outras 300 mil \u2014 que tiveram o aux\u00edlio negado porque existiam registros de v\u00ednculos com as For\u00e7as Armadas ou com o servi\u00e7o p\u00fablico estadual ou municipal \u2014 tamb\u00e9m j\u00e1 tiveram seus pagamentos liberados. De acordo com o governo, verificou-se que esses v\u00ednculos n\u00e3o existiam mais.<\/p>\n<p>Fonte: iG \u2013Brasil Econ\u00f4mico<\/p>\n","protected":false},"excerpt":{"rendered":"<p>Agora, \u00e9 poss\u00edvel reclamar tamb\u00e9m por meio do site da Dataprev, al\u00e9m das op\u00e7\u00f5es da Caixa Os trabalhadores que se inscreveram para receber o aux\u00edlio&#8230;<\/p>\n","protected":false},"author":1182,"featured_media":30899,"comment_status":"closed","ping_status":"closed","sticky":false,"template":"","format":"standard","meta":{"footnotes":""},"categories":[6],"tags":[854,617,1757,2377,390,3601,3165,432,325,204,3602],"class_list":["post-30897","post","type-post","status-publish","format-standard","has-post-thumbnail","hentry","category-noticias","tag-analise","tag-aplicativo","tag-auxilio","tag-beneficio","tag-caixa","tag-contestacao","tag-dataprev","tag-emergencial","tag-liberacao","tag-pagamento","tag-reclamacao"],"_links":{"self":[{"href":"https:\/\/www.sincomam.org.br\/index.php\/wp-json\/wp\/v2\/posts\/30897","targetHints":{"allow":["GET"]}}],"collection":[{"href":"https:\/\/www.sincomam.org.br\/index.php\/wp-json\/wp\/v2\/posts"}],"about":[{"href":"https:\/\/www.sincomam.org.br\/index.php\/wp-json\/wp\/v2\/types\/post"}],"author":[{"embeddable":true,"href":"https:\/\/www.sincomam.org.br\/index.php\/wp-json\/wp\/v2\/users\/1182"}],"replies":[{"embeddable":true,"href":"https:\/\/www.sincomam.org.br\/index.php\/wp-json\/wp\/v2\/comments?post=30897"}],"version-history":[{"count":1,"href":"https:\/\/www.sincomam.org.br\/index.php\/wp-json\/wp\/v2\/posts\/30897\/revisions"}],"predecessor-version":[{"id":30900,"href":"https:\/\/www.sincomam.org.br\/index.php\/wp-json\/wp\/v2\/posts\/30897\/revisions\/30900"}],"wp:featuredmedia":[{"embeddable":true,"href":"https:\/\/www.sincomam.org.br\/index.php\/wp-json\/wp\/v2\/media\/30899"}],"wp:attachment":[{"href":"https:\/\/www.sincomam.org.br\/index.php\/wp-json\/wp\/v2\/media?parent=30897"}],"wp:term":[{"taxonomy":"category","embeddable":true,"href":"https:\/\/www.sincomam.org.br\/index.php\/wp-json\/wp\/v2\/categories?post=30897"},{"taxonomy":"post_tag","embeddable":true,"href":"https:\/\/www.sincomam.org.br\/index.php\/wp-json\/wp\/v2\/tags?post=30897"}],"curies":[{"name":"wp","href":"https:\/\/api.w.org\/{rel}","templated":true}]}}