{"id":30895,"date":"2020-08-05T10:06:12","date_gmt":"2020-08-05T13:06:12","guid":{"rendered":"http:\/\/www.sincomam.org.br\/?p=30895"},"modified":"2020-08-05T10:06:12","modified_gmt":"2020-08-05T13:06:12","slug":"grupo-cbo-confirma-intencao-de-realizar-ipo-da-oceana-offshore","status":"publish","type":"post","link":"https:\/\/www.sincomam.org.br\/index.php\/grupo-cbo-confirma-intencao-de-realizar-ipo-da-oceana-offshore\/","title":{"rendered":"Grupo CBO confirma inten\u00e7\u00e3o de realizar IPO da Oceana Offshore"},"content":{"rendered":"<p><strong><em>Segundo o Grupo CBO, foi aprovada em assembleia geral a realiza\u00e7\u00e3o de uma oferta p\u00fablica prim\u00e1ria e secund\u00e1ria, bem como a submiss\u00e3o do pedido de ades\u00e3o ao Novo Mercado da B3<\/em><\/strong><\/p>\n<p>O Grupo CBO confirmou a inten\u00e7\u00e3o de realizar uma oferta p\u00fablica inicial de a\u00e7\u00f5es (IPO, na sigla em ingl\u00eas) da Oceana Offshore, conforme havia sido antecipado ontem pelo Valor.<\/p>\n<p>Segundo o Grupo CBO, foi aprovada em assembleia geral a realiza\u00e7\u00e3o de uma oferta p\u00fablica prim\u00e1ria e secund\u00e1ria, bem como a submiss\u00e3o do pedido de ades\u00e3o ao Novo Mercado da B3. \u201cN\u00e3o obstante, a efetiva realiza\u00e7\u00e3o da oferta est\u00e1 sujeita, entre outros fatores, \u00e0s condi\u00e7\u00f5es dos mercados de capitais nacional e internacional, e uma vez realizada, ser\u00e1 conduzida em conformidade com a legisla\u00e7\u00e3o e regulamenta\u00e7\u00e3o aplic\u00e1veis\u201d.<\/p>\n<p>Assim, diz o CBO, ainda n\u00e3o h\u00e1 qualquer decis\u00e3o quanto \u00e0 efetiva realiza\u00e7\u00e3o da oferta, bem como quanto \u00e0 sua estrutura e volume.<\/p>\n<p>A CBO \u00e9 uma companhia de navega\u00e7\u00e3o, operadora de uma frota de 32 embarca\u00e7\u00f5es de apoio offshore, presente nas principais bacias de petr\u00f3leo brasileiras e no Mar do Norte, dando suporte \u00e0s plataformas de explora\u00e7\u00e3o e produ\u00e7\u00e3o de petr\u00f3leo.<\/p>\n<p>Fonte: Valor &#8211; \u00c1lvaro Campos<\/p>\n","protected":false},"excerpt":{"rendered":"<p>Segundo o Grupo CBO, foi aprovada em assembleia geral a realiza\u00e7\u00e3o de uma oferta p\u00fablica prim\u00e1ria e secund\u00e1ria, bem como a submiss\u00e3o do pedido de&#8230;<\/p>\n","protected":false},"author":1182,"featured_media":9738,"comment_status":"closed","ping_status":"closed","sticky":false,"template":"","format":"standard","meta":{"footnotes":""},"categories":[6],"tags":[],"class_list":["post-30895","post","type-post","status-publish","format-standard","has-post-thumbnail","hentry","category-noticias"],"_links":{"self":[{"href":"https:\/\/www.sincomam.org.br\/index.php\/wp-json\/wp\/v2\/posts\/30895","targetHints":{"allow":["GET"]}}],"collection":[{"href":"https:\/\/www.sincomam.org.br\/index.php\/wp-json\/wp\/v2\/posts"}],"about":[{"href":"https:\/\/www.sincomam.org.br\/index.php\/wp-json\/wp\/v2\/types\/post"}],"author":[{"embeddable":true,"href":"https:\/\/www.sincomam.org.br\/index.php\/wp-json\/wp\/v2\/users\/1182"}],"replies":[{"embeddable":true,"href":"https:\/\/www.sincomam.org.br\/index.php\/wp-json\/wp\/v2\/comments?post=30895"}],"version-history":[{"count":1,"href":"https:\/\/www.sincomam.org.br\/index.php\/wp-json\/wp\/v2\/posts\/30895\/revisions"}],"predecessor-version":[{"id":30896,"href":"https:\/\/www.sincomam.org.br\/index.php\/wp-json\/wp\/v2\/posts\/30895\/revisions\/30896"}],"wp:featuredmedia":[{"embeddable":true,"href":"https:\/\/www.sincomam.org.br\/index.php\/wp-json\/wp\/v2\/media\/9738"}],"wp:attachment":[{"href":"https:\/\/www.sincomam.org.br\/index.php\/wp-json\/wp\/v2\/media?parent=30895"}],"wp:term":[{"taxonomy":"category","embeddable":true,"href":"https:\/\/www.sincomam.org.br\/index.php\/wp-json\/wp\/v2\/categories?post=30895"},{"taxonomy":"post_tag","embeddable":true,"href":"https:\/\/www.sincomam.org.br\/index.php\/wp-json\/wp\/v2\/tags?post=30895"}],"curies":[{"name":"wp","href":"https:\/\/api.w.org\/{rel}","templated":true}]}}