{"id":30887,"date":"2020-08-05T09:32:47","date_gmt":"2020-08-05T12:32:47","guid":{"rendered":"http:\/\/www.sincomam.org.br\/?p=30887"},"modified":"2020-08-05T09:32:47","modified_gmt":"2020-08-05T12:32:47","slug":"navio-de-apoio-oceanico-mearim-realiza-inspecao-naval","status":"publish","type":"post","link":"https:\/\/www.sincomam.org.br\/index.php\/navio-de-apoio-oceanico-mearim-realiza-inspecao-naval\/","title":{"rendered":"Navio de Apoio Oce\u00e2nico \u201cMearim\u201d realiza inspe\u00e7\u00e3o naval"},"content":{"rendered":"<p><strong><em>Embarca\u00e7\u00e3o fiscaliza fronteira mar\u00edtima e faz exerc\u00edcios de opera\u00e7\u00f5es a\u00e9reas<\/em><\/strong><\/p>\n<p>A Marinha do Brasil informa que o Navio de Apoio Oce\u00e2nico NApOc \u201cMearim\u201d realizou, entre os dias 21 e 23 de julho, a\u00e7\u00f5es de presen\u00e7a e inspe\u00e7\u00e3o naval na fronteira mar\u00edtima no Chu\u00ed-RS.<\/p>\n<p>Segundo a Marinha, as a\u00e7\u00f5es contribu\u00edram para a fiscaliza\u00e7\u00e3o da seguran\u00e7a da navega\u00e7\u00e3o, a salvaguarda da vida humana no mar e a preven\u00e7\u00e3o da polui\u00e7\u00e3o h\u00eddrica. As opera\u00e7\u00f5es foram executadas em coordena\u00e7\u00e3o com um navio da Armada Uruguaia, a Fragata ROU01 Uruguay, que tamb\u00e9m efetuou atividades semelhantes no lado uruguaio.<\/p>\n<p>O NApOc \u201cMearim\u201d realizou, tamb\u00e9m, no regresso, exerc\u00edcios de opera\u00e7\u00f5es a\u00e9reas, <em>pick up e vertrep,<\/em> com a participa\u00e7\u00e3o da aeronave 7050, pertencente ao 1\u00b0 Esquadr\u00e3o de Helic\u00f3pteros de Emprego Geral do Sul (EsqdHU-51). O exerc\u00edcio ocorreu em proveito da manuten\u00e7\u00e3o da qualifica\u00e7\u00e3o das tripula\u00e7\u00f5es do navio e do Esquadr\u00e3o, nas referidas manobras, mantendo continuamente elevado o grau de prontid\u00e3o dos meios navais e aeronavais empregados na jurisdi\u00e7\u00e3o do Comando do 5\u00ba Distrito Naval.<\/p>\n<p>*Com informa\u00e7\u00f5es da MB \/ Foto: divulga\u00e7\u00e3o &#8211; Aeronave 7050 do EsqdHU-51 em faina de VERTREP durante vertrep com o NApOc \u201cMearim\u201d<\/p>\n","protected":false},"excerpt":{"rendered":"<p>Embarca\u00e7\u00e3o fiscaliza fronteira mar\u00edtima e faz exerc\u00edcios de opera\u00e7\u00f5es a\u00e9reas A Marinha do Brasil informa que o Navio de Apoio Oce\u00e2nico NApOc \u201cMearim\u201d realizou, entre&#8230;<\/p>\n","protected":false},"author":1182,"featured_media":30888,"comment_status":"closed","ping_status":"closed","sticky":false,"template":"","format":"standard","meta":{"footnotes":""},"categories":[6],"tags":[748,473,3599,67,47,3001,377,3480],"class_list":["post-30887","post","type-post","status-publish","format-standard","has-post-thumbnail","hentry","category-noticias","tag-apoio","tag-inspecao","tag-mearim","tag-naval","tag-navio","tag-oceanico","tag-operacao","tag-realizacao"],"_links":{"self":[{"href":"https:\/\/www.sincomam.org.br\/index.php\/wp-json\/wp\/v2\/posts\/30887","targetHints":{"allow":["GET"]}}],"collection":[{"href":"https:\/\/www.sincomam.org.br\/index.php\/wp-json\/wp\/v2\/posts"}],"about":[{"href":"https:\/\/www.sincomam.org.br\/index.php\/wp-json\/wp\/v2\/types\/post"}],"author":[{"embeddable":true,"href":"https:\/\/www.sincomam.org.br\/index.php\/wp-json\/wp\/v2\/users\/1182"}],"replies":[{"embeddable":true,"href":"https:\/\/www.sincomam.org.br\/index.php\/wp-json\/wp\/v2\/comments?post=30887"}],"version-history":[{"count":1,"href":"https:\/\/www.sincomam.org.br\/index.php\/wp-json\/wp\/v2\/posts\/30887\/revisions"}],"predecessor-version":[{"id":30889,"href":"https:\/\/www.sincomam.org.br\/index.php\/wp-json\/wp\/v2\/posts\/30887\/revisions\/30889"}],"wp:featuredmedia":[{"embeddable":true,"href":"https:\/\/www.sincomam.org.br\/index.php\/wp-json\/wp\/v2\/media\/30888"}],"wp:attachment":[{"href":"https:\/\/www.sincomam.org.br\/index.php\/wp-json\/wp\/v2\/media?parent=30887"}],"wp:term":[{"taxonomy":"category","embeddable":true,"href":"https:\/\/www.sincomam.org.br\/index.php\/wp-json\/wp\/v2\/categories?post=30887"},{"taxonomy":"post_tag","embeddable":true,"href":"https:\/\/www.sincomam.org.br\/index.php\/wp-json\/wp\/v2\/tags?post=30887"}],"curies":[{"name":"wp","href":"https:\/\/api.w.org\/{rel}","templated":true}]}}