{"id":30884,"date":"2020-08-05T09:24:41","date_gmt":"2020-08-05T12:24:41","guid":{"rendered":"http:\/\/www.sincomam.org.br\/?p=30884"},"modified":"2020-08-06T12:34:13","modified_gmt":"2020-08-06T15:34:13","slug":"libano-explosao-no-porto-deixa-ao-menos-100-mortos-e-mais-de-4-mil-feridos","status":"publish","type":"post","link":"https:\/\/www.sincomam.org.br\/index.php\/libano-explosao-no-porto-deixa-ao-menos-100-mortos-e-mais-de-4-mil-feridos\/","title":{"rendered":"L\u00edbano: explos\u00e3o em Beirute deixa local como cen\u00e1rio de guerra"},"content":{"rendered":"<p><em><strong>Galp\u00e3o que centraliza as suspeitas da explos\u00e3o na regi\u00e3o portu\u00e1ria\u00a0 funcionava desde 2014<\/strong><\/em><\/p>\n<p>Os habitantes de Beirute acordaram nesta quarta-feira (5) em luto e ainda abalados pelo cen\u00e1rio de devasta\u00e7\u00e3o causado pelas explos\u00f5es no porto da capital libanesa, que provocaram pelo menos 100 mortes e feriram milhares de pessoas. As autoridades continuam no local, descrito como &#8220;um cen\u00e1rio de guerra&#8221;, e admitem que o n\u00famero de v\u00edtimas pode ser maior.<\/p>\n<p>No in\u00edcio desta manh\u00e3, horas depois da explos\u00e3o cuja pot\u00eancia se equiparou a um terramoto de magnitude 3.3, a fuma\u00e7a ainda sa\u00eda do porto da cidade. As principais ruas da parte baixa da capital acumulam destro\u00e7os e ve\u00edculos danificados, assim como fachadas de edif\u00edcios destru\u00eddas pelo impacto.<\/p>\n<p><em>\u201c\u00c9 como um cen\u00e1rio de guerra. Estou sem palavras\u201d, lamentou o presidente da C\u00e2mara de Beirute, Jamal Itani, \u00e0 ag\u00eancia Reuters, depois de ter inspecionado hoje os estragos causados pelo desastre, estimando que correspondam a milh\u00f5es de d\u00f3lares. \u201cEsta \u00e9 uma cat\u00e1strofe para Beirute e para o L\u00edbano\u201d.<\/em><\/p>\n<p>De acordo com a Cruz Vermelha libanesa, pelos menos 100 pessoas morreram em consequ\u00eancia das explos\u00f5es e mais de 4 mil ficaram feridas. O presidente\u00a0 da institui\u00e7\u00e3o alertou que esses n\u00fameros podem subir. \u201cAinda estamos verificando a \u00e1rea. Podem existir mais v\u00edtimas. Espero que n\u00e3o\u201d, afirmou \u00e0 imprensa George Kettani.<\/p>\n<p>O grande n\u00famero de feridos levou a uma superlota\u00e7\u00e3o dos hospitais de Beirute, informou a Cruz Vermelha, que atua em coordena\u00e7\u00e3o com o Minist\u00e9rio liban\u00eas da Sa\u00fade. O presidente do L\u00edbano anunciou que o governo vai disponibilizar o equivalente a US$ 66 milh\u00f5es em fundos de emerg\u00eancia.<\/p>\n<p>V\u00e1rias pessoas continuam desaparecidas. Ao longo da \u00faltima noite, os locutores de r\u00e1dio do pa\u00eds leram os nomes das pessoas que desapareceram e, na rede social Instagram, foi criada a p\u00e1gina \u201cLocalizar v\u00edtimas de Beirute\u201d para partilhar as fotografias dessas poss\u00edveis v\u00edtimas do desastre.<\/p>\n<p>A Marinha do Brasil informou que todos os militares da For\u00e7a Tarefa Mar\u00edtima que circunda a regi\u00e3o do L\u00edbano \u201cest\u00e3o bem e n\u00e3o h\u00e1 feridos\u201d. \u201cA Fragata \u2018Independ\u00eancia\u2019 encontra-se operando no mar, normalmente. O navio estava distante do local da explos\u00e3o\u201d, explicou a Marinha brasileira, em nota publicada em uma rede social.<\/p>\n<p><strong>Explos\u00e3o<\/strong><\/p>\n<p>Foi pouco depois das 18h dessa ter\u00e7a-feira (4) que uma enorme explos\u00e3o &#8211; a segunda de duas &#8211; abalou a capital libanesa, acompanhada por outras menores. As causas ainda n\u00e3o foram confirmadas, mas o presidente Michel Aoun informou que durante os \u00faltimos seis anos estiveram armazenadas, sem condi\u00e7\u00f5es de seguran\u00e7a, em um armaz\u00e9m do porto, 2.750 toneladas de nitrato de am\u00f4nia, produto qu\u00edmico utilizado em fertilizantes e bombas.<\/p>\n<p><em>\u201c\u00c9 inadmiss\u00edvel que um carregamento de nitrato de am\u00f4nia, estimado em 2.750 toneladas, estivesse h\u00e1 seis anos num armaz\u00e9m, sem medidas de precau\u00e7\u00e3o. \u00c9 inaceit\u00e1vel e n\u00e3o podemos calar-nos sobre essa quest\u00e3o\u201d, disse o primeiro-ministro do L\u00edbano, Hassan Diab, acrescentando que \u201cos respons\u00e1veis v\u00e3o pagar o pre\u00e7o\u201d.<\/em><\/p>\n<p>Em breve discurso transmitido hoje pela televis\u00e3o, o chefe de governo liban\u00eas afirmou que o pa\u00eds vive &#8220;verdadeira cat\u00e1strofe&#8221; e pediu a ajuda de todos os pa\u00edses e amigos do L\u00edbano.<\/p>\n<p><strong>Crise econ\u00f4mica<\/strong><\/p>\n<p>A explos\u00e3o em Beirute, sentida a 240 quil\u00f4metros de dist\u00e2ncia, ocorreu em um per\u00edodo sens\u00edvel para o L\u00edbano, que vive crescente crise econ\u00f4mica e divis\u00f5es internas, enquanto lida com os danos provocados pela pandemia de covid-19.<\/p>\n<p>Os \u00faltimos tempos t\u00eam sido marcados por manifesta\u00e7\u00f5es nas ruas do pa\u00eds contra o modo como o governo lida com aquela que \u00e9 considerada a pior crise econ\u00f4mica desde a guerra civil de 1975-1990. Muitos culpam os pol\u00edticos libaneses por se focarem nas pr\u00f3prias fortunas, enquanto falham na realiza\u00e7\u00e3o das necess\u00e1rias reformas para a resolu\u00e7\u00e3o dos problemas do pa\u00eds.<\/p>\n<p>O L\u00edbano, que tem uma d\u00edvida p\u00fablica de US$ 90 bilh\u00f5es, importa a maioria da sua comida, e o porto de Beirute, fundamental no armazenamento dessas importa\u00e7\u00f5es, est\u00e1 agora destru\u00eddo.<\/p>\n<p>Fonte: Ag\u00eancia Brasil<\/p>\n","protected":false},"excerpt":{"rendered":"<p>Galp\u00e3o que centraliza as suspeitas da explos\u00e3o na regi\u00e3o portu\u00e1ria\u00a0 funcionava desde 2014 Os habitantes de Beirute acordaram nesta quarta-feira (5) em luto e ainda&#8230;<\/p>\n","protected":false},"author":1182,"featured_media":30885,"comment_status":"closed","ping_status":"closed","sticky":false,"template":"","format":"standard","meta":{"footnotes":""},"categories":[6],"tags":[3596,1788,3597,690,3546,856,1642,1081,3598,2888,3595,1013,692,1005,966,80],"class_list":["post-30884","post","type-post","status-publish","format-standard","has-post-thumbnail","hentry","category-noticias","tag-beirute","tag-crise","tag-cruz-vermelha","tag-desaparecido","tag-desastre","tag-economia","tag-explosao","tag-feridos","tag-galpao","tag-hospital","tag-libano","tag-marinha-do-brasil","tag-militares","tag-mortes","tag-pessoas","tag-porto"],"_links":{"self":[{"href":"https:\/\/www.sincomam.org.br\/index.php\/wp-json\/wp\/v2\/posts\/30884","targetHints":{"allow":["GET"]}}],"collection":[{"href":"https:\/\/www.sincomam.org.br\/index.php\/wp-json\/wp\/v2\/posts"}],"about":[{"href":"https:\/\/www.sincomam.org.br\/index.php\/wp-json\/wp\/v2\/types\/post"}],"author":[{"embeddable":true,"href":"https:\/\/www.sincomam.org.br\/index.php\/wp-json\/wp\/v2\/users\/1182"}],"replies":[{"embeddable":true,"href":"https:\/\/www.sincomam.org.br\/index.php\/wp-json\/wp\/v2\/comments?post=30884"}],"version-history":[{"count":3,"href":"https:\/\/www.sincomam.org.br\/index.php\/wp-json\/wp\/v2\/posts\/30884\/revisions"}],"predecessor-version":[{"id":30923,"href":"https:\/\/www.sincomam.org.br\/index.php\/wp-json\/wp\/v2\/posts\/30884\/revisions\/30923"}],"wp:featuredmedia":[{"embeddable":true,"href":"https:\/\/www.sincomam.org.br\/index.php\/wp-json\/wp\/v2\/media\/30885"}],"wp:attachment":[{"href":"https:\/\/www.sincomam.org.br\/index.php\/wp-json\/wp\/v2\/media?parent=30884"}],"wp:term":[{"taxonomy":"category","embeddable":true,"href":"https:\/\/www.sincomam.org.br\/index.php\/wp-json\/wp\/v2\/categories?post=30884"},{"taxonomy":"post_tag","embeddable":true,"href":"https:\/\/www.sincomam.org.br\/index.php\/wp-json\/wp\/v2\/tags?post=30884"}],"curies":[{"name":"wp","href":"https:\/\/api.w.org\/{rel}","templated":true}]}}