{"id":30874,"date":"2020-08-04T11:15:05","date_gmt":"2020-08-04T14:15:05","guid":{"rendered":"http:\/\/www.sincomam.org.br\/?p=30874"},"modified":"2020-08-04T11:17:01","modified_gmt":"2020-08-04T14:17:01","slug":"30874","status":"publish","type":"post","link":"https:\/\/www.sincomam.org.br\/index.php\/30874\/","title":{"rendered":"Em sete anos, PIB per capita cai e brasileiro fica 11% mais pobre"},"content":{"rendered":"<p><strong><em>Entre 2013 e 2020, PIB per capita do Brasil deve recuar R$ 8.519 para R$ 7.559 e encolher 11,3%, de acordo com dados da consultoria LCA<\/em><\/strong><\/p>\n<p>Em um per\u00edodo de sete anos, o brasileiro caminha para ficar cerca de 10% mais pobre. A recess\u00e3o observada entre o fim de 2014 e 2016, a lenta retomada da economia dos anos seguintes e a recente crise provocada pelo coronav\u00edrus fizeram o Brasil perder parte da sua riqueza.<\/p>\n<p>Entre 2013 &#8211; \u00faltimo ano de crescimento mais robusto da economia &#8211; e o fim de 2020, o Produto Interno Bruto (PIB) per capita passar\u00e1 de R$ 8.519 para R$ 7.559 e ter\u00e1 encolhido 11,3% no per\u00edodo, de acordo com c\u00e1lculos da consultoria LCA.<\/p>\n<p>O PIB per capital \u00e9 a soma de tudo o que pa\u00eds produz dividido pela popula\u00e7\u00e3o e funciona como um importante term\u00f4metro para avaliar a riqueza de uma na\u00e7\u00e3o. Ele sobe quando a atividade econ\u00f4mica avan\u00e7a num ritmo mais r\u00e1pido do que o crescimento populacional. O levantamento da LCA leva em conta estimativas para o PIB trimestral e utiliza a m\u00e9dia m\u00f3vel de quatro trimestres, o que permite uma compara\u00e7\u00e3o mais justa.<\/p>\n<p>Nos \u00faltimos anos, a economia brasileira enfrentou uma combina\u00e7\u00e3o de muita dificuldade. Entre o fim de 2014 e 2016, o pa\u00eds observou uma forte recess\u00e3o causada por v\u00e1rios desequil\u00edbrios macroecon\u00f4micos e pela turbul\u00eancia pol\u00edtica durante o governo Dilma Rousseff. Nos tr\u00eas anos seguintes, houve apenas uma t\u00edmida retomada, incapaz de apagar todos os estragos. Agora, a crise provocada pelo coronav\u00edrus se tornou mais um componente desse per\u00edodo conturbado.<\/p>\n<p>Em 2020, os analistas consultados pelo relat\u00f3rio Focus, do Banco Central, estimam uma queda do PIB de 5,77%.<\/p>\n<p><strong>Mobilidade interrompida<\/strong><\/p>\n<p>O empobrecimento do Brasil tamb\u00e9m fica evidente quando se analisa o comportamento socioecon\u00f4mico do pa\u00eds. Depois de ver o \u201cboom\u201d da chamada classe C no final da d\u00e9cada passada e no in\u00edcio desta, o pa\u00eds tem registrado uma leve piora da mobilidade social nos \u00faltimos anos, de acordo com um levantamento feito pela Kantar.<\/p>\n<p>Em 2014, 27,5% dos lares brasileiros integravam a classe A e B. Ao fim deste ano, esse grupo deve recuar para 26,3%. Nesse per\u00edodo, a classe E vai passar de 24,7% para 25,2% dos lares.<\/p>\n<p><strong>Desemprego em alta<\/strong><\/p>\n<p>O desemprego tem sido uma das consequ\u00eancias mais perversas do desempenho ruim da economia e ajuda a explicar o empobrecimento do pa\u00eds. A crise provocada pelo coronav\u00edrus, no entanto, abortou qualquer expectativa de retomada. Em maio, a taxa de desocupa\u00e7\u00e3o ficou em 12,9%. E a expectativa \u00e9 que os n\u00fameros piorem ao longo dos pr\u00f3ximos meses.<\/p>\n<p>Fonte: G1 &#8211; Luiz Guilherme Gerbelli<\/p>\n","protected":false},"excerpt":{"rendered":"<p>Entre 2013 e 2020, PIB per capita do Brasil deve recuar R$ 8.519 para R$ 7.559 e encolher 11,3%, de acordo com dados da consultoria&#8230;<\/p>\n","protected":false},"author":1182,"featured_media":18006,"comment_status":"closed","ping_status":"closed","sticky":false,"template":"","format":"standard","meta":{"footnotes":""},"categories":[6],"tags":[3262,61,2985,3592,2752,2751,856,3589,293,3590,3591],"class_list":["post-30874","post","type-post","status-publish","format-standard","has-post-thumbnail","hentry","category-noticias","tag-banco","tag-brasil","tag-brasileiro","tag-central","tag-coronavirus","tag-covid-19","tag-economia","tag-encolhimento","tag-pib","tag-pobreza","tag-recuo"],"_links":{"self":[{"href":"https:\/\/www.sincomam.org.br\/index.php\/wp-json\/wp\/v2\/posts\/30874","targetHints":{"allow":["GET"]}}],"collection":[{"href":"https:\/\/www.sincomam.org.br\/index.php\/wp-json\/wp\/v2\/posts"}],"about":[{"href":"https:\/\/www.sincomam.org.br\/index.php\/wp-json\/wp\/v2\/types\/post"}],"author":[{"embeddable":true,"href":"https:\/\/www.sincomam.org.br\/index.php\/wp-json\/wp\/v2\/users\/1182"}],"replies":[{"embeddable":true,"href":"https:\/\/www.sincomam.org.br\/index.php\/wp-json\/wp\/v2\/comments?post=30874"}],"version-history":[{"count":3,"href":"https:\/\/www.sincomam.org.br\/index.php\/wp-json\/wp\/v2\/posts\/30874\/revisions"}],"predecessor-version":[{"id":30877,"href":"https:\/\/www.sincomam.org.br\/index.php\/wp-json\/wp\/v2\/posts\/30874\/revisions\/30877"}],"wp:featuredmedia":[{"embeddable":true,"href":"https:\/\/www.sincomam.org.br\/index.php\/wp-json\/wp\/v2\/media\/18006"}],"wp:attachment":[{"href":"https:\/\/www.sincomam.org.br\/index.php\/wp-json\/wp\/v2\/media?parent=30874"}],"wp:term":[{"taxonomy":"category","embeddable":true,"href":"https:\/\/www.sincomam.org.br\/index.php\/wp-json\/wp\/v2\/categories?post=30874"},{"taxonomy":"post_tag","embeddable":true,"href":"https:\/\/www.sincomam.org.br\/index.php\/wp-json\/wp\/v2\/tags?post=30874"}],"curies":[{"name":"wp","href":"https:\/\/api.w.org\/{rel}","templated":true}]}}