{"id":30871,"date":"2020-08-04T10:56:50","date_gmt":"2020-08-04T13:56:50","guid":{"rendered":"http:\/\/www.sincomam.org.br\/?p=30871"},"modified":"2020-08-04T12:06:14","modified_gmt":"2020-08-04T15:06:14","slug":"antaq-pretende-realizar-treze-licitacoes-portuarias-ate-o-final-do-ano","status":"publish","type":"post","link":"https:\/\/www.sincomam.org.br\/index.php\/antaq-pretende-realizar-treze-licitacoes-portuarias-ate-o-final-do-ano\/","title":{"rendered":"ANTAQ pretende realizar treze licita\u00e7\u00f5es portu\u00e1rias at\u00e9 o final do ano"},"content":{"rendered":"<p><strong><em>Para janeiro de 2021, est\u00e3o previstos mais quatro arrendamentos<\/em><\/strong><\/p>\n<p>A ANTAQ informa que deve realizar mais treze licita\u00e7\u00f5es de \u00e1reas portu\u00e1rias at\u00e9 o final do ano. Segundo a ag\u00eancia, as licita\u00e7\u00f5es ser\u00e3o feitas nos portos de Paranagu\u00e1 (PR), Santos (SP), Vila do Conde (PA), Itaqui (MA), Aratu (BA), Itagua\u00ed (RJ), Porto Alegre e Macei\u00f3. A informa\u00e7\u00e3o foi do superintendente de Regula\u00e7\u00e3o e presidente da Comiss\u00e3o Permanente de Licita\u00e7\u00e3o de Arrendamentos Portu\u00e1rios da ANTAQ, Bruno Pinheiro, durante reuni\u00e3o realizada na \u00faltima quarta-feira (29\/7), com a Secretaria Executiva do Minist\u00e9rio da Infraestrutura, na sede da Ag\u00eancia, em Bras\u00edlia.<\/p>\n<p>H\u00e1 alguns processos que est\u00e3o mais adiantados, como \u00e9 o caso do Porto de Santos. A ANTAQ realizar\u00e1 o leil\u00e3o de duas \u00e1reas \u2013 ambas para movimenta\u00e7\u00e3o de celulose \u2013 em 28 de agosto. \u201cAs sess\u00f5es do leil\u00e3o ser\u00e3o presenciais na B3, em S\u00e3o Paulo, mas seguir\u00e3o todo o protocolo sanit\u00e1rio devido \u00e0 pandemia do coronav\u00edrus\u201d, ressaltou Pinheiro. Os investimentos para essas duas \u00e1reas ser\u00e3o de aproximadamente R$ 380,8 milh\u00f5es.<\/p>\n<p>Para janeiro de 2021, est\u00e3o previstas mais quatro licita\u00e7\u00f5es. Ser\u00e3o duas \u00e1reas para Itaqui (combust\u00edveis l\u00edquidos); uma para Macei\u00f3 (gran\u00e9is l\u00edquidos \u2013 \u00e1cido sulf\u00farico) e Macap\u00e1 (farelo de soja). Os investimentos totais s\u00e3o de R$ 294,5 milh\u00f5es.<\/p>\n<p><strong>Outros assuntos<\/strong><\/p>\n<p>Durante a reuni\u00e3o, a Secretaria Executiva do Minfra teve informa\u00e7\u00f5es sobre outras \u00e1reas e a\u00e7\u00f5es da Ag\u00eancia. O gerente de Desenvolvimento e Estudos, Jos\u00e9 Neto, apresentou, de forma detalhada, as contribui\u00e7\u00f5es t\u00e9cnicas da Ag\u00eancia ao termo de refer\u00eancia para concess\u00e3o de hidrovias. O Minist\u00e9rio da Infraestrutura ir\u00e1 elaborar o documento, que seguir\u00e1 para o BNDES, onde ser\u00e3o realizados os procedimentos para selecionar a empresa para executar os estudos necess\u00e1rios para definir um modelo de concess\u00e3o das hidrovias.<\/p>\n<p>A ANTAQ sugeriu que o termo de refer\u00eancia tenha, entre outros, os seguintes pontos: especifica\u00e7\u00e3o de usu\u00e1rios diretos e indiretos da concess\u00e3o da infraestrutura hidrovi\u00e1ria; fundamenta\u00e7\u00e3o de elementos e servi\u00e7os que podem tornar a concess\u00e3o vi\u00e1vel; e inclus\u00e3o do levantamento do interesse dos potenciais usu\u00e1rios dos servi\u00e7os previstos no objeto da concess\u00e3o.<\/p>\n<p>Em rela\u00e7\u00e3o \u00e0 moderniza\u00e7\u00e3o de suas atividades, foi informado ao Minfra que a Ag\u00eancia j\u00e1 aderiu ao T\u00e1xiGov, ao Sistema de Processo Eletr\u00f4nico, ao Almoxarifado Virtual, ao Plano Estrat\u00e9gico Institucional e ao Portal Protocolo Integrado. Al\u00e9m disso, o superintendente de Administra\u00e7\u00e3o e Finan\u00e7as, Joelson Miranda, destacou que praticamente a totalidade dos servi\u00e7os da ANTAQ \u00e9 digitalizada. Miranda afirmou, ainda, que h\u00e1 algum tempo a Ag\u00eancia vem adotando o teletrabalho.<\/p>\n<p>O secret\u00e1rio executivo do Minist\u00e9rio da Infraestrutura, Marcelo Sampaio, destacou a reuni\u00e3o como forma de estreitar a rela\u00e7\u00e3o com a ANTAQ, que, segundo ele, \u201cest\u00e1 conseguindo bem dar vaz\u00e3o \u00e0 agenda portu\u00e1ria\u201d. Sampaio afirmou que o desenvolvimento da infraestrutura tem destaque na pauta do governo federal. \u201cA ANTAQ mostra que tem compet\u00eancia no seu quadro e que a Diretoria est\u00e1 engajada com o incremento da infraestrutura brasileira\u201d.<\/p>\n<p>*Com informa\u00e7\u00f5es da ANTAQ<\/p>\n","protected":false},"excerpt":{"rendered":"<p>Para janeiro de 2021, est\u00e3o previstos mais quatro arrendamentos A ANTAQ informa que deve realizar mais treze licita\u00e7\u00f5es de \u00e1reas portu\u00e1rias at\u00e9 o final do&#8230;<\/p>\n","protected":false},"author":1182,"featured_media":29963,"comment_status":"closed","ping_status":"closed","sticky":false,"template":"","format":"standard","meta":{"footnotes":""},"categories":[6],"tags":[301,1373,3587,794,382,668,3285,3588,187,365,69,533,89,512],"class_list":["post-30871","post","type-post","status-publish","format-standard","has-post-thumbnail","hentry","category-noticias","tag-antaq","tag-areas","tag-arrendamentos","tag-dezembro","tag-itaqui","tag-licitacoes","tag-maceio","tag-minfra","tag-paranagua","tag-porto-alegre","tag-portos","tag-portuarias","tag-santos","tag-vila-do-conde"],"_links":{"self":[{"href":"https:\/\/www.sincomam.org.br\/index.php\/wp-json\/wp\/v2\/posts\/30871","targetHints":{"allow":["GET"]}}],"collection":[{"href":"https:\/\/www.sincomam.org.br\/index.php\/wp-json\/wp\/v2\/posts"}],"about":[{"href":"https:\/\/www.sincomam.org.br\/index.php\/wp-json\/wp\/v2\/types\/post"}],"author":[{"embeddable":true,"href":"https:\/\/www.sincomam.org.br\/index.php\/wp-json\/wp\/v2\/users\/1182"}],"replies":[{"embeddable":true,"href":"https:\/\/www.sincomam.org.br\/index.php\/wp-json\/wp\/v2\/comments?post=30871"}],"version-history":[{"count":1,"href":"https:\/\/www.sincomam.org.br\/index.php\/wp-json\/wp\/v2\/posts\/30871\/revisions"}],"predecessor-version":[{"id":30873,"href":"https:\/\/www.sincomam.org.br\/index.php\/wp-json\/wp\/v2\/posts\/30871\/revisions\/30873"}],"wp:featuredmedia":[{"embeddable":true,"href":"https:\/\/www.sincomam.org.br\/index.php\/wp-json\/wp\/v2\/media\/29963"}],"wp:attachment":[{"href":"https:\/\/www.sincomam.org.br\/index.php\/wp-json\/wp\/v2\/media?parent=30871"}],"wp:term":[{"taxonomy":"category","embeddable":true,"href":"https:\/\/www.sincomam.org.br\/index.php\/wp-json\/wp\/v2\/categories?post=30871"},{"taxonomy":"post_tag","embeddable":true,"href":"https:\/\/www.sincomam.org.br\/index.php\/wp-json\/wp\/v2\/tags?post=30871"}],"curies":[{"name":"wp","href":"https:\/\/api.w.org\/{rel}","templated":true}]}}