{"id":30862,"date":"2020-08-04T10:02:48","date_gmt":"2020-08-04T13:02:48","guid":{"rendered":"http:\/\/www.sincomam.org.br\/?p=30862"},"modified":"2020-08-04T10:05:31","modified_gmt":"2020-08-04T13:05:31","slug":"plenario-pode-votar-ampliacao-das-possibilidades-de-saque-do-fgts-durante-pandemia","status":"publish","type":"post","link":"https:\/\/www.sincomam.org.br\/index.php\/plenario-pode-votar-ampliacao-das-possibilidades-de-saque-do-fgts-durante-pandemia\/","title":{"rendered":"Plen\u00e1rio pode votar hoje amplia\u00e7\u00e3o das possibilidades de saque do FGTS"},"content":{"rendered":"<p><strong><em>O tema consta da MP 946\/20, que retorna \u00e0 C\u00e2mara ap\u00f3s ter sido alterada pelos senadores; Se n\u00e3o for votada hoje, a Medida perde a validade<\/em><\/strong><\/p>\n<p>O Plen\u00e1rio da C\u00e2mara dos Deputados pode votar nesta ter\u00e7a-feira (4) a Medida Provis\u00f3ria 946\/20, que permite ao trabalhador sacar at\u00e9 R$ 1.045,00 (um sal\u00e1rio m\u00ednimo) do Fundo de Garantia do Tempo de Servi\u00e7o (FGTS) durante a pandemia do novo coronav\u00edrus. Os deputados v\u00e3o analisar as mudan\u00e7as feitas pelos senadores, que ampliaram as possibilidades de saque.<\/p>\n<p>O Senado alterou o texto para tamb\u00e9m permitir, durante o per\u00edodo de pandemia da covid-19, a movimenta\u00e7\u00e3o da totalidade dos recursos da conta vinculada ao FGTS no regime do saque-anivers\u00e1rio pelo trabalhador que tenha pedido demiss\u00e3o, que tenha sido demitido sem justa causa ou por for\u00e7a maior.<\/p>\n<p>A MP foi aprovada pela C\u00e2mara na forma do parecer do relator, deputado Marcel Van Hattem (Novo-RS). Segundo calend\u00e1rio da Caixa Econ\u00f4mica Federal, o saque extraordin\u00e1rio do FGTS j\u00e1 come\u00e7ou a ser feito em junho (contas digitais) e julho (em dinheiro ou transfer\u00eancia). O trabalhador poder\u00e1 retirar o dinheiro at\u00e9 31 de dezembro de 2020.<\/p>\n<p>Al\u00e9m do saque, a MP cont\u00e9m pontos como a transfer\u00eancia para o FGTS das contas individuais do antigo Fundo PIS-Pasep. Antes da vota\u00e7\u00e3o, dever\u00e1 ser feita a leitura do of\u00edcio de encaminhamento da MP ao Plen\u00e1rio.<\/p>\n<p><strong>Outras propostas<\/strong><\/p>\n<p>O Plen\u00e1rio da C\u00e2mara dos Deputados tamb\u00e9m poder\u00e1 votar hoje, a partir das 13h55, outras tr\u00eas medidas provis\u00f3rias e oito projetos de lei (confira a pauta completa). Tamb\u00e9m est\u00e3o previstas sess\u00f5es de vota\u00e7\u00e3o na quarta-feira (5) e na quinta-feira (6).<\/p>\n<p>Fonte: Ag\u00eancia C\u00e2mara de Not\u00edcias<\/p>\n","protected":false},"excerpt":{"rendered":"<p>O tema consta da MP 946\/20, que retorna \u00e0 C\u00e2mara ap\u00f3s ter sido alterada pelos senadores; Se n\u00e3o for votada hoje, a Medida perde a&#8230;<\/p>\n","protected":false},"author":1182,"featured_media":18212,"comment_status":"closed","ping_status":"closed","sticky":false,"template":"","format":"standard","meta":{"footnotes":""},"categories":[6],"tags":[83,732,391,3586,2755,3585,696,924,974],"class_list":["post-30862","post","type-post","status-publish","format-standard","has-post-thumbnail","hentry","category-noticias","tag-ampliacao","tag-camara","tag-fgts","tag-mp946-20","tag-pandemia","tag-plenario","tag-saque","tag-senado","tag-votacao"],"_links":{"self":[{"href":"https:\/\/www.sincomam.org.br\/index.php\/wp-json\/wp\/v2\/posts\/30862","targetHints":{"allow":["GET"]}}],"collection":[{"href":"https:\/\/www.sincomam.org.br\/index.php\/wp-json\/wp\/v2\/posts"}],"about":[{"href":"https:\/\/www.sincomam.org.br\/index.php\/wp-json\/wp\/v2\/types\/post"}],"author":[{"embeddable":true,"href":"https:\/\/www.sincomam.org.br\/index.php\/wp-json\/wp\/v2\/users\/1182"}],"replies":[{"embeddable":true,"href":"https:\/\/www.sincomam.org.br\/index.php\/wp-json\/wp\/v2\/comments?post=30862"}],"version-history":[{"count":4,"href":"https:\/\/www.sincomam.org.br\/index.php\/wp-json\/wp\/v2\/posts\/30862\/revisions"}],"predecessor-version":[{"id":30866,"href":"https:\/\/www.sincomam.org.br\/index.php\/wp-json\/wp\/v2\/posts\/30862\/revisions\/30866"}],"wp:featuredmedia":[{"embeddable":true,"href":"https:\/\/www.sincomam.org.br\/index.php\/wp-json\/wp\/v2\/media\/18212"}],"wp:attachment":[{"href":"https:\/\/www.sincomam.org.br\/index.php\/wp-json\/wp\/v2\/media?parent=30862"}],"wp:term":[{"taxonomy":"category","embeddable":true,"href":"https:\/\/www.sincomam.org.br\/index.php\/wp-json\/wp\/v2\/categories?post=30862"},{"taxonomy":"post_tag","embeddable":true,"href":"https:\/\/www.sincomam.org.br\/index.php\/wp-json\/wp\/v2\/tags?post=30862"}],"curies":[{"name":"wp","href":"https:\/\/api.w.org\/{rel}","templated":true}]}}