{"id":30846,"date":"2020-08-03T13:40:09","date_gmt":"2020-08-03T16:40:09","guid":{"rendered":"http:\/\/www.sincomam.org.br\/?p=30846"},"modified":"2020-08-03T13:54:04","modified_gmt":"2020-08-03T16:54:04","slug":"covid-19-brasil-registra-casos-de-sindrome-rara-que-acomete-criancas","status":"publish","type":"post","link":"https:\/\/www.sincomam.org.br\/index.php\/covid-19-brasil-registra-casos-de-sindrome-rara-que-acomete-criancas\/","title":{"rendered":"Covid-19: Brasil registra casos de s\u00edndrome rara que acomete crian\u00e7as"},"content":{"rendered":"<p><strong><em>Dois hospitais do Rio de Janeiro trataram crian\u00e7as com a nova S\u00edndrome Multissist\u00eamica Inflamat\u00f3ria Pedi\u00e1trica causada pelo coronav\u00edrus<\/em><\/strong><\/p>\n<p>No \u00faltimo 2 de julho, uma quinta-feira, Alice, de 3 anos, acordou cheia de manchas pelo corpo e com febre. Os pais, preocupados, ligaram imediatamente para a pediatra que, pelos sintomas descritos, excluiu a possibilidade de ser covid-19. &#8220;Nem me passou pela cabe\u00e7a que pudesse ser o novo coronav\u00edrus por conta de todos os cuidados que est\u00e1vamos tomando&#8221;, diz a m\u00e3e da menina, que preferiu n\u00e3o se identificar. &#8220;E a pr\u00f3pria m\u00e9dica tamb\u00e9m n\u00e3o achou que fosse. Mesmo assim, resolveu pedir um exame PCR, que deu negativo.&#8221;<\/p>\n<p>Pelas particularidades de sua profiss\u00e3o, a m\u00e3e da Alice continuava indo ao trabalho diariamente. Seguia, por\u00e9m, todas as medidas de seguran\u00e7a preconizadas, como uso de m\u00e1scara e de \u00e1lcool gel. O pai da Alice ficou em home office, isolado com a filha. E at\u00e9 para pedir comida em casa a fam\u00edlia foi parcimoniosa. Eles receberam poucas refei\u00e7\u00f5es por delivery.<\/p>\n<p>De fato, nenhum dos dois apresentou sintoma da doen\u00e7a. Por isso mesmo, eles n\u00e3o se surpreenderam quando o PCR da filha deu negativo. Mas o estado de sa\u00fade da menina come\u00e7ou a se agravar, sem que ningu\u00e9m conseguisse chegar a um diagn\u00f3stico. Tamb\u00e9m surgiram outros sintomas incomuns, como olhos vermelhos, barriga inchada, p\u00e9s e m\u00e3os descamando e febre intermitente.<\/p>\n<p>No s\u00e9timo dia consecutivo de febre, um exame de sangue revelou uma inflama\u00e7\u00e3o generalizada e Alice foi internada na UTI pedi\u00e1trica de um hospital particular da zona oeste do Rio. Ela tinha uma s\u00edndrome inflamat\u00f3ria rara ligada \u00e0 infec\u00e7\u00e3o pelo novo coronav\u00edrus.<\/p>\n<p>No Brasil, ainda n\u00e3o h\u00e1 n\u00fameros oficiais sobre a doen\u00e7a, mas os pediatras confirmam a ocorr\u00eancia de casos como o de Alice. Somente na UTI Pedi\u00e1trica do Hospital Pedro Ernesto, no Rio, refer\u00eancia para o tratamento da covid-19, j\u00e1 foram atendidas oito crian\u00e7as com a s\u00edndrome multissist\u00eamica.<\/p>\n<p><em>&#8220;Ela costuma aparecer de tr\u00eas a quatro semanas ap\u00f3s o pico do coronav\u00edrus&#8221;, disse a chefe da UTI Pedi\u00e1trica do Hospital Pedro Ernesto, Raquel Zeitel, presidente do Departamento de Emerg\u00eancias da Soperj. &#8220;Trata-se de uma resposta imunol\u00f3gica exacerbada, com febre persistente, sintomas abdominais, diarreia, v\u00f4mito, les\u00f5es cut\u00e2neas, conjuntivite. E pode evoluir para quadro semelhante a um choque, com aumento dos marcadores inflamat\u00f3rios, anomalias coronarianas e disfun\u00e7\u00f5es card\u00edacas.&#8221;<\/em><\/p>\n<p><em>&#8220;Como se trata de uma doen\u00e7a que resulta em manifesta\u00e7\u00f5es inflamat\u00f3rias intensas, o tratamento inclui medicamentos para controlar esse processo e evitar comprometimento do cora\u00e7\u00e3o&#8221;, explicou o m\u00e9dico Leonardo Campos, integrante do Comit\u00ea de Reumatologia da Soperj e do Hospital Antonio Pedro, em Niter\u00f3i, na regi\u00e3o metropolitana do Rio.<\/em><\/p>\n<p><strong>S\u00edndrome Multissist\u00eamica <em>Inflamat\u00f3ria Pedi\u00e1trica<\/em><\/strong><\/p>\n<p>Os casos confirmados de covid-19 em crian\u00e7as e adolescentes chegam, no m\u00e1ximo, a 3,5% do total de registros. Essa faixa et\u00e1ria \u00e9 a menos afetada e a grande maioria das ocorr\u00eancias \u00e9 muito branda. Ainda assim, um pequeno n\u00famero tem problemas s\u00e9rios relacionados \u00e0 infec\u00e7\u00e3o. Esses casos muito graves que, invariavelmente, acabam nas UTIs s\u00e3o provocados pela rec\u00e9m-descrita S\u00edndrome Multissist\u00eamica Inflamat\u00f3ria Pedi\u00e1trica (SMIP).<\/p>\n<p>Trata-se de uma rea\u00e7\u00e3o inflamat\u00f3ria grave que s\u00f3 acomete crian\u00e7as e est\u00e1 associada a uma resposta tardia ao Sars-CoV-2. At\u00e9 agora, foram descritos pouco mais de 200 casos no mundo. A OMS e o CDC j\u00e1 emitiram alertas sobre esses epis\u00f3dios.<\/p>\n<p>Fonte: UOL\/Estad\u00e3o Conte\u00fado<\/p>\n<p><strong>Leia tamb\u00e9m: <a href=\"https:\/\/www.sincomam.org.br\/index.php\/doenca-nova-causada-por-covid-19-em-criancas-nao-e-a-de-kawasaki-diz-estudo\/\" target=\"_blank\" rel=\"noopener noreferrer\">Doen\u00e7a nova causada por covid-19 em crian\u00e7as n\u00e3o \u00e9 a de kawasaki, diz estudo<\/a><\/strong><\/p>\n","protected":false},"excerpt":{"rendered":"<p>Dois hospitais do Rio de Janeiro trataram crian\u00e7as com a nova S\u00edndrome Multissist\u00eamica Inflamat\u00f3ria Pedi\u00e1trica causada pelo coronav\u00edrus No \u00faltimo 2 de julho, uma quinta-feira,&#8230;<\/p>\n","protected":false},"author":1182,"featured_media":30567,"comment_status":"closed","ping_status":"closed","sticky":false,"template":"","format":"standard","meta":{"footnotes":""},"categories":[6],"tags":[61,2752,2751,3228,3269,3448,3449,3584,3583,59,366,3447],"class_list":["post-30846","post","type-post","status-publish","format-standard","has-post-thumbnail","hentry","category-noticias","tag-brasil","tag-coronavirus","tag-covid-19","tag-criancas","tag-infeccao","tag-inflamatoria","tag-multissistemica","tag-pediatrica","tag-registros","tag-rio-de-janeiro","tag-sao-paulo","tag-sindrome"],"_links":{"self":[{"href":"https:\/\/www.sincomam.org.br\/index.php\/wp-json\/wp\/v2\/posts\/30846","targetHints":{"allow":["GET"]}}],"collection":[{"href":"https:\/\/www.sincomam.org.br\/index.php\/wp-json\/wp\/v2\/posts"}],"about":[{"href":"https:\/\/www.sincomam.org.br\/index.php\/wp-json\/wp\/v2\/types\/post"}],"author":[{"embeddable":true,"href":"https:\/\/www.sincomam.org.br\/index.php\/wp-json\/wp\/v2\/users\/1182"}],"replies":[{"embeddable":true,"href":"https:\/\/www.sincomam.org.br\/index.php\/wp-json\/wp\/v2\/comments?post=30846"}],"version-history":[{"count":1,"href":"https:\/\/www.sincomam.org.br\/index.php\/wp-json\/wp\/v2\/posts\/30846\/revisions"}],"predecessor-version":[{"id":30847,"href":"https:\/\/www.sincomam.org.br\/index.php\/wp-json\/wp\/v2\/posts\/30846\/revisions\/30847"}],"wp:featuredmedia":[{"embeddable":true,"href":"https:\/\/www.sincomam.org.br\/index.php\/wp-json\/wp\/v2\/media\/30567"}],"wp:attachment":[{"href":"https:\/\/www.sincomam.org.br\/index.php\/wp-json\/wp\/v2\/media?parent=30846"}],"wp:term":[{"taxonomy":"category","embeddable":true,"href":"https:\/\/www.sincomam.org.br\/index.php\/wp-json\/wp\/v2\/categories?post=30846"},{"taxonomy":"post_tag","embeddable":true,"href":"https:\/\/www.sincomam.org.br\/index.php\/wp-json\/wp\/v2\/tags?post=30846"}],"curies":[{"name":"wp","href":"https:\/\/api.w.org\/{rel}","templated":true}]}}