{"id":30837,"date":"2020-08-03T12:03:59","date_gmt":"2020-08-03T15:03:59","guid":{"rendered":"http:\/\/www.sincomam.org.br\/?p=30837"},"modified":"2020-08-03T12:03:59","modified_gmt":"2020-08-03T15:03:59","slug":"marinha-e-emgepron-debatem-sobre-contrato-de-construcao-das-fragatas-classe-tamandare","status":"publish","type":"post","link":"https:\/\/www.sincomam.org.br\/index.php\/marinha-e-emgepron-debatem-sobre-contrato-de-construcao-das-fragatas-classe-tamandare\/","title":{"rendered":"Marinha e Emgepron debatem sobre contrato de constru\u00e7\u00e3o das Fragatas \u201cClasse Tamandar\u00e9\u201d"},"content":{"rendered":"<p><strong><em>Segunda Reuni\u00e3o de Governan\u00e7a Estrat\u00e9gica relativa ao contrato de constru\u00e7\u00e3o da embarca\u00e7\u00e3o foi realizada com a participa\u00e7\u00e3o da SPE<\/em><\/strong><\/p>\n<p>A Marinha do Brasil (MB), juntamente com a Empresa Gerencial de Projetos Navais (Emgepron) e a Sociedade de Prop\u00f3sito Espec\u00edfico (SPE) \u201c\u00c1guas Azuis\u201d &#8211; formada pela <em>Thyssenkrupp Marine Systems<\/em>, Embraer Defesa &amp; Seguran\u00e7a e Atech &#8211; realizaram na \u00faltima sexta-feira (31), a 2\u00aa Reuni\u00e3o de Governan\u00e7a Estrat\u00e9gica referente ao contrato para a constru\u00e7\u00e3o das quatro Fragatas \u201cClasse Tamandar\u00e9\u201d, de \u00faltima gera\u00e7\u00e3o, com entrega prevista entre 2025 e 2028.<\/p>\n<p>Segundo informa\u00e7\u00f5es divulgadas pela Marinha, a reuni\u00e3o foi realizada de forma remota devido \u00e0s medidas de preven\u00e7\u00e3o ao novo coronav\u00edrus. Os representantes da Marinha e da Emgepron reuniram-se no Arsenal de Marinha do Rio de Janeiro e as empresas da SPE \u201c\u00c1guas Azuis\u201d participaram por videoconfer\u00eancia.<\/p>\n<p>O encontro teve o prop\u00f3sito de alinhar conhecimentos sobre os desdobramentos das atividades j\u00e1 desenvolvidas pela SPE \u201c\u00c1guas Azuis\u201d e, em especial, quanto \u00e0 atualiza\u00e7\u00e3o do plano de trabalho do contrato de constru\u00e7\u00e3o das Fragatas \u201cClasse Tamandar\u00e9\u201d.<\/p>\n<p>*Com informa\u00e7\u00f5es da MB<\/p>\n","protected":false},"excerpt":{"rendered":"<p>Segunda Reuni\u00e3o de Governan\u00e7a Estrat\u00e9gica relativa ao contrato de constru\u00e7\u00e3o da embarca\u00e7\u00e3o foi realizada com a participa\u00e7\u00e3o da SPE A Marinha do Brasil (MB), juntamente&#8230;<\/p>\n","protected":false},"author":1182,"featured_media":30838,"comment_status":"closed","ping_status":"closed","sticky":false,"template":"","format":"standard","meta":{"footnotes":""},"categories":[6],"tags":[61,131,1926,3579,15,1663,117,789,260,3577,3578],"class_list":["post-30837","post","type-post","status-publish","format-standard","has-post-thumbnail","hentry","category-noticias","tag-brasil","tag-construcao","tag-emgepron","tag-fragatas","tag-marinha","tag-navais","tag-navios","tag-projetos","tag-reuniao","tag-spe","tag-tamandare"],"_links":{"self":[{"href":"https:\/\/www.sincomam.org.br\/index.php\/wp-json\/wp\/v2\/posts\/30837","targetHints":{"allow":["GET"]}}],"collection":[{"href":"https:\/\/www.sincomam.org.br\/index.php\/wp-json\/wp\/v2\/posts"}],"about":[{"href":"https:\/\/www.sincomam.org.br\/index.php\/wp-json\/wp\/v2\/types\/post"}],"author":[{"embeddable":true,"href":"https:\/\/www.sincomam.org.br\/index.php\/wp-json\/wp\/v2\/users\/1182"}],"replies":[{"embeddable":true,"href":"https:\/\/www.sincomam.org.br\/index.php\/wp-json\/wp\/v2\/comments?post=30837"}],"version-history":[{"count":1,"href":"https:\/\/www.sincomam.org.br\/index.php\/wp-json\/wp\/v2\/posts\/30837\/revisions"}],"predecessor-version":[{"id":30839,"href":"https:\/\/www.sincomam.org.br\/index.php\/wp-json\/wp\/v2\/posts\/30837\/revisions\/30839"}],"wp:featuredmedia":[{"embeddable":true,"href":"https:\/\/www.sincomam.org.br\/index.php\/wp-json\/wp\/v2\/media\/30838"}],"wp:attachment":[{"href":"https:\/\/www.sincomam.org.br\/index.php\/wp-json\/wp\/v2\/media?parent=30837"}],"wp:term":[{"taxonomy":"category","embeddable":true,"href":"https:\/\/www.sincomam.org.br\/index.php\/wp-json\/wp\/v2\/categories?post=30837"},{"taxonomy":"post_tag","embeddable":true,"href":"https:\/\/www.sincomam.org.br\/index.php\/wp-json\/wp\/v2\/tags?post=30837"}],"curies":[{"name":"wp","href":"https:\/\/api.w.org\/{rel}","templated":true}]}}