{"id":30835,"date":"2020-08-03T11:24:22","date_gmt":"2020-08-03T14:24:22","guid":{"rendered":"http:\/\/www.sincomam.org.br\/?p=30835"},"modified":"2020-08-03T12:56:00","modified_gmt":"2020-08-03T15:56:00","slug":"petrobras-reduz-preco-de-gas-natural-para-distribuidoras","status":"publish","type":"post","link":"https:\/\/www.sincomam.org.br\/index.php\/petrobras-reduz-preco-de-gas-natural-para-distribuidoras\/","title":{"rendered":"Petrobras reduz pre\u00e7o de g\u00e1s natural para distribuidoras"},"content":{"rendered":"<p><strong><em>Segundo estatal, redu\u00e7\u00e3o reflete novos contratos de venda e est\u00e1 associada \u00e0 varia\u00e7\u00e3o do pre\u00e7o do petr\u00f3leo no mercado internacional<\/em><\/strong><\/p>\n<p>A Petrobras anunciou que reduziu a partir de hoje (1\/8) os pre\u00e7os de venda de g\u00e1s natural para as distribuidoras, reafirmando os compromissos firmados para o novo mercado de g\u00e1s natural. Os contratos iniciados em janeiro de 2020 ter\u00e3o uma redu\u00e7\u00e3o acumulada m\u00e9dia de 48% em US$\/MMBtu em compara\u00e7\u00e3o a dezembro de 2019, considerando a cota\u00e7\u00e3o do d\u00f3lar na data contratual de atualiza\u00e7\u00e3o do pre\u00e7o. Quando medidos em R$\/m\u00b3, os pre\u00e7os ter\u00e3o uma redu\u00e7\u00e3o m\u00e9dia acumulada de 35%, apesar da deprecia\u00e7\u00e3o do Real.<\/p>\n<p>De acordo com a estatal, a redu\u00e7\u00e3o no pre\u00e7o reflete os novos contratos de venda com as distribuidoras, em que o pre\u00e7o da mol\u00e9cula de g\u00e1s est\u00e1 atrelado \u00e0 varia\u00e7\u00e3o do pre\u00e7o do petr\u00f3leo no mercado internacional, cuja revis\u00e3o \u00e9 realizada trimestralmente. Os contratos de venda para as distribuidoras s\u00e3o p\u00fablicos e est\u00e3o dispon\u00edveis para consulta no site da Ag\u00eancia Nacional do Petr\u00f3leo, G\u00e1s Natural e Biocombust\u00edveis (ANP).<\/p>\n<p><em>\u201cA companhia esclarece que o pre\u00e7o final do g\u00e1s natural ao consumidor n\u00e3o \u00e9 determinado apenas pelo custo da mol\u00e9cula de g\u00e1s e do transporte, mas tamb\u00e9m pelas margens das distribuidoras e pelos tributos federais e estaduais\u201d, informou a estatal em comunicado.<\/em><\/p>\n<p>*Com informa\u00e7\u00f5es da Ag\u00eancia Petrobras<\/p>\n","protected":false},"excerpt":{"rendered":"<p>Segundo estatal, redu\u00e7\u00e3o reflete novos contratos de venda e est\u00e1 associada \u00e0 varia\u00e7\u00e3o do pre\u00e7o do petr\u00f3leo no mercado internacional A Petrobras anunciou que reduziu&#8230;<\/p>\n","protected":false},"author":1182,"featured_media":30845,"comment_status":"closed","ping_status":"closed","sticky":false,"template":"","format":"standard","meta":{"footnotes":""},"categories":[6],"tags":[3267,3576,3575,2505,58,2766,298,767],"class_list":["post-30835","post","type-post","status-publish","format-standard","has-post-thumbnail","hentry","category-noticias","tag-agosto","tag-consumidor","tag-distribuidoras","tag-gas-natural","tag-petrobras","tag-plano","tag-preco","tag-reducao"],"_links":{"self":[{"href":"https:\/\/www.sincomam.org.br\/index.php\/wp-json\/wp\/v2\/posts\/30835","targetHints":{"allow":["GET"]}}],"collection":[{"href":"https:\/\/www.sincomam.org.br\/index.php\/wp-json\/wp\/v2\/posts"}],"about":[{"href":"https:\/\/www.sincomam.org.br\/index.php\/wp-json\/wp\/v2\/types\/post"}],"author":[{"embeddable":true,"href":"https:\/\/www.sincomam.org.br\/index.php\/wp-json\/wp\/v2\/users\/1182"}],"replies":[{"embeddable":true,"href":"https:\/\/www.sincomam.org.br\/index.php\/wp-json\/wp\/v2\/comments?post=30835"}],"version-history":[{"count":1,"href":"https:\/\/www.sincomam.org.br\/index.php\/wp-json\/wp\/v2\/posts\/30835\/revisions"}],"predecessor-version":[{"id":30836,"href":"https:\/\/www.sincomam.org.br\/index.php\/wp-json\/wp\/v2\/posts\/30835\/revisions\/30836"}],"wp:featuredmedia":[{"embeddable":true,"href":"https:\/\/www.sincomam.org.br\/index.php\/wp-json\/wp\/v2\/media\/30845"}],"wp:attachment":[{"href":"https:\/\/www.sincomam.org.br\/index.php\/wp-json\/wp\/v2\/media?parent=30835"}],"wp:term":[{"taxonomy":"category","embeddable":true,"href":"https:\/\/www.sincomam.org.br\/index.php\/wp-json\/wp\/v2\/categories?post=30835"},{"taxonomy":"post_tag","embeddable":true,"href":"https:\/\/www.sincomam.org.br\/index.php\/wp-json\/wp\/v2\/tags?post=30835"}],"curies":[{"name":"wp","href":"https:\/\/api.w.org\/{rel}","templated":true}]}}