{"id":30833,"date":"2020-08-03T10:21:41","date_gmt":"2020-08-03T13:21:41","guid":{"rendered":"http:\/\/www.sincomam.org.br\/?p=30833"},"modified":"2020-08-07T11:35:53","modified_gmt":"2020-08-07T14:35:53","slug":"caixa-credita-hoje-saque-emergencial-do-fgts-para-nascidos-em-junho","status":"publish","type":"post","link":"https:\/\/www.sincomam.org.br\/index.php\/caixa-credita-hoje-saque-emergencial-do-fgts-para-nascidos-em-junho\/","title":{"rendered":"Caixa credita hoje saque emergencial do FGTS para nascidos em junho"},"content":{"rendered":"<p><strong><em>Cerca de 5 milh\u00f5es de trabalhadores receber\u00e3o R$ 3,2 bilh\u00f5es<\/em><\/strong><\/p>\n<p>Cerca de 5 milh\u00f5es de trabalhadores nascidos em junho come\u00e7am a receber hoje (3) o cr\u00e9dito do saque emergencial do Fundo de Garantia do Tempo de Servi\u00e7o (FGTS) de at\u00e9 R$ 1.045. Ser\u00e3o liberados R$ 3,2 bilh\u00f5es nas contas poupan\u00e7a digitais abertas pela Caixa Econ\u00f4mica Federal em nome dos benefici\u00e1rios.<\/p>\n<p>Institu\u00eddo pela Medida Provis\u00f3ria 946, o saque emergencial do FGTS pretende ajudar os trabalhadores afetados pela pandemia do novo coronav\u00edrus. Ao todo, o governo pretende injetar R$ 37,8 bilh\u00f5es na economia, beneficiando cerca de 60 milh\u00f5es de trabalhadores.<\/p>\n<p>O valor do saque \u00e9 de at\u00e9 R$ 1.045, considerando a soma dos valores de todas contas ativas ou inativas com saldo no FGTS. Cada trabalhador tem direito a receber at\u00e9 um sal\u00e1rio m\u00ednimo (R$ 1.045) de todas as contas ativas e inativas do fundo.<\/p>\n<p>Nesta fase, o dinheiro poder\u00e1 ser movimentado apenas por meio do aplicativo Caixa Tem. A ferramenta permite o pagamento de boletos (\u00e1gua, luz, telefone), compras com cart\u00e3o de d\u00e9bito virtual em sites e compras com c\u00f3digo QR (vers\u00e3o avan\u00e7ada de c\u00f3digo de barras) em maquininhas de cart\u00e3o de lojas parceiras com d\u00e9bito instant\u00e2neo do saldo da poupan\u00e7a digital.<\/p>\n<p><strong>Libera\u00e7\u00e3o para saque<\/strong><\/p>\n<p>O dinheiro s\u00f3 ser\u00e1 liberado para saque ou transfer\u00eancia para outra conta banc\u00e1ria a partir de 3 de outubro, para os trabalhadores nascidos em junho. O calend\u00e1rio de cr\u00e9dito na conta poupan\u00e7a digital e de saques foi estabelecido com base no m\u00eas de nascimento do trabalhador. At\u00e9 agora, a Caixa creditou o saque emergencial do FGTS para os trabalhadores nascidos de janeiro a maio.<\/p>\n<p><strong>Orienta\u00e7\u00f5es<\/strong><\/p>\n<p>A Caixa orienta os trabalhadores a verificar o valor do saque e a data do cr\u00e9dito nos canais de atendimento eletr\u00f4nico do banco: aplicativo FGTS, <a href=\"http:\/\/www.caixa.gov.br\/beneficios-trabalhador\/fgts\/Paginas\/default.aspx\" target=\"_blank\" rel=\"noopener noreferrer\"><strong>site Caixa<\/strong> <\/a>e telefone 111 (op\u00e7\u00e3o 2). Caso o trabalhador tenha direito ao saque emergencial, mas n\u00e3o teve a conta poupan\u00e7a digital aberta automaticamente, dever\u00e1 acessar o aplicativo FGTS para complementar os dados e receber o dinheiro.<\/p>\n<p>O banco alerta que n\u00e3o envia mensagens com pedido de senhas, dados ou informa\u00e7\u00f5es pessoais. Tamb\u00e9m n\u00e3o envia links nem pede confirma\u00e7\u00e3o de dispositivo ou acesso \u00e0 conta por e-mail, SMS ou WhatsApp.<\/p>\n<p><strong>Cancelamento do cr\u00e9dito autom\u00e1tico<\/strong><\/p>\n<p>O trabalhador poder\u00e1 indicar que n\u00e3o deseja receber o saque emergencial do FGTS at\u00e9 dez dias antes do in\u00edcio do seu calend\u00e1rio de cr\u00e9dito na conta poupan\u00e7a social digital, para que sua conta do FGTS n\u00e3o seja debitada.<\/p>\n<p>Caso o cr\u00e9dito dos valores tenha sido feito na poupan\u00e7a social digital do trabalhador e essa conta n\u00e3o seja movimentada at\u00e9 30 de novembro de 2020, os valores corrigidos ser\u00e3o retornados \u00e0 conta do FGTS.<\/p>\n<p>Fonte: Ag\u00eancia Brasil<\/p>\n<p><strong>Leia tamb\u00e9m:<a href=\"https:\/\/www.sincomam.org.br\/index.php\/fgts-calendario-do-saque-emergencial-vai-de-junho-ate-novembro\/\" target=\"_blank\" rel=\"noopener noreferrer\"> Confira o calend\u00e1rio de pagamento do saque emergencial do FGTS<\/a><\/strong><\/p>\n","protected":false},"excerpt":{"rendered":"<p>Cerca de 5 milh\u00f5es de trabalhadores receber\u00e3o R$ 3,2 bilh\u00f5es Cerca de 5 milh\u00f5es de trabalhadores nascidos em junho come\u00e7am a receber hoje (3) o&#8230;<\/p>\n","protected":false},"author":1182,"featured_media":29992,"comment_status":"closed","ping_status":"closed","sticky":false,"template":"","format":"standard","meta":{"footnotes":""},"categories":[6],"tags":[720,3262,2377,390,3573,856,432,391,325,3574,3436,204,696,1140],"class_list":["post-30833","post","type-post","status-publish","format-standard","has-post-thumbnail","hentry","category-noticias","tag-atendimento","tag-banco","tag-beneficio","tag-caixa","tag-caixa-tem","tag-economia","tag-emergencial","tag-fgts","tag-liberacao","tag-mp-946","tag-orientacao","tag-pagamento","tag-saque","tag-trabalhadores"],"_links":{"self":[{"href":"https:\/\/www.sincomam.org.br\/index.php\/wp-json\/wp\/v2\/posts\/30833","targetHints":{"allow":["GET"]}}],"collection":[{"href":"https:\/\/www.sincomam.org.br\/index.php\/wp-json\/wp\/v2\/posts"}],"about":[{"href":"https:\/\/www.sincomam.org.br\/index.php\/wp-json\/wp\/v2\/types\/post"}],"author":[{"embeddable":true,"href":"https:\/\/www.sincomam.org.br\/index.php\/wp-json\/wp\/v2\/users\/1182"}],"replies":[{"embeddable":true,"href":"https:\/\/www.sincomam.org.br\/index.php\/wp-json\/wp\/v2\/comments?post=30833"}],"version-history":[{"count":2,"href":"https:\/\/www.sincomam.org.br\/index.php\/wp-json\/wp\/v2\/posts\/30833\/revisions"}],"predecessor-version":[{"id":30945,"href":"https:\/\/www.sincomam.org.br\/index.php\/wp-json\/wp\/v2\/posts\/30833\/revisions\/30945"}],"wp:featuredmedia":[{"embeddable":true,"href":"https:\/\/www.sincomam.org.br\/index.php\/wp-json\/wp\/v2\/media\/29992"}],"wp:attachment":[{"href":"https:\/\/www.sincomam.org.br\/index.php\/wp-json\/wp\/v2\/media?parent=30833"}],"wp:term":[{"taxonomy":"category","embeddable":true,"href":"https:\/\/www.sincomam.org.br\/index.php\/wp-json\/wp\/v2\/categories?post=30833"},{"taxonomy":"post_tag","embeddable":true,"href":"https:\/\/www.sincomam.org.br\/index.php\/wp-json\/wp\/v2\/tags?post=30833"}],"curies":[{"name":"wp","href":"https:\/\/api.w.org\/{rel}","templated":true}]}}