{"id":30814,"date":"2020-07-31T10:44:19","date_gmt":"2020-07-31T13:44:19","guid":{"rendered":"http:\/\/www.sincomam.org.br\/?p=30814"},"modified":"2020-07-31T11:20:54","modified_gmt":"2020-07-31T14:20:54","slug":"brasil-soma-912-mil-mortes-pelo-novo-coronavirus-e-26-milhoes-de-brasileiros-infectados","status":"publish","type":"post","link":"https:\/\/www.sincomam.org.br\/index.php\/brasil-soma-912-mil-mortes-pelo-novo-coronavirus-e-26-milhoes-de-brasileiros-infectados\/","title":{"rendered":"Brasil soma 91,2 mil mortes por covid-19 e 2,6 milh\u00f5es de brasileiros infectados"},"content":{"rendered":"<p><strong><em>Pa\u00eds conta com 694.744 pacientes em acompanhamento; Outras 1.824.095 pessoas j\u00e1 se recuperaram do coronav\u00edrus<\/em><\/strong><\/p>\n<p>O Brasil contabiliza 2.610.102 brasileiros infectados &#8211; desde o in\u00edcio da pandemia &#8211; pelo novo coronav\u00edrus. At\u00e9 o momento, foram registrados 91.263 \u00f3bitos por Covid-19. Os dados foram apresentados no \u00faltimo Boletim Epidemiol\u00f3gico divulgado pelo Minist\u00e9rio da Sa\u00fade &#8211; na noite desta quinta-feira (30).<\/p>\n<p>O Minist\u00e9rio informou que recebeu 1.129 novos registros de \u00f3bitos nas \u00faltimas 24 horas. H\u00e1 ainda, 694.744 pacientes em acompanhamento e 1.824.095 pessoas recuperadas da doen\u00e7a. A taxa de letalidade ficou em 3,5%.<\/p>\n<p><strong>Covid-19 nos estados<\/strong><\/p>\n<p>Os estados com mais mortes s\u00e3o: S\u00e3o Paulo (22.710), Rio de Janeiro (13.348), Cear\u00e1 (7.661), Pernambuco (6.526) e Par\u00e1 (5.699). As Unidades da Federa\u00e7\u00e3o com menos falecimentos pela pandemia s\u00e3o: Mato Grosso do Sul (357), Tocantins (368), Roraima (501), Acre (521) e Amap\u00e1 (561).<\/p>\n<p><a href=\"https:\/\/www.sincomam.org.br\/wp-content\/uploads\/2020\/07\/boletim-covid-19-30-07.jpeg\" target=\"_blank\" rel=\"noopener noreferrer\"><img fetchpriority=\"high\" decoding=\"async\" class=\"alignleft wp-image-30815 size-full\" src=\"https:\/\/www.sincomam.org.br\/wp-content\/uploads\/2020\/07\/boletim-covid-19-30-07.jpeg\" alt=\"\" width=\"754\" height=\"422\" srcset=\"https:\/\/www.sincomam.org.br\/wp-content\/uploads\/2020\/07\/boletim-covid-19-30-07.jpeg 754w, https:\/\/www.sincomam.org.br\/wp-content\/uploads\/2020\/07\/boletim-covid-19-30-07-300x168.jpeg 300w\" sizes=\"(max-width: 754px) 100vw, 754px\" \/><\/a><\/p>\n<p>(clique na imagem para ampliar)<\/p>\n<p><strong>Covid-19 no mundo<\/strong><\/p>\n<p>O coronav\u00edrus infectou 17.039.488 pessoas em todo o planeta desde o in\u00edcio do surto, em janeiro, de acordo com balan\u00e7o da Universidade John Hopkins (EUA), com informa\u00e7\u00f5es da Organiza\u00e7\u00e3o Mundial da Sa\u00fade e autoridades sanit\u00e1rias locais. At\u00e9 a manh\u00e3 desta quinta-feira (30), esta era a contagem de v\u00edtimas da doen\u00e7a no mundo:<\/p>\n<ol>\n<li>Estados Unidos: 150.713<\/li>\n<li>Brasil: 90.134<\/li>\n<li>Reino Unido: 46.046<\/li>\n<li>M\u00e9xico: 45.261<\/li>\n<li>It\u00e1lia: 35.129<\/li>\n<li>\u00cdndia: 34.955<\/li>\n<li>Fran\u00e7a: 30.226<\/li>\n<li>Espanha: 28.441<\/li>\n<li>Peru: 18.816<\/li>\n<li>Ir\u00e3: 16.343<\/li>\n<\/ol>\n<p><strong>Michelle Bolsonaro testa positivo para covid-19<\/strong><\/p>\n<p>A Secom (Secretaria Especial de Comunica\u00e7\u00e3o Social da Presid\u00eancia), comunicou que a primeira-dama Michelle Bolsonaro foi contaminada pelo novo coronav\u00edrus. O teste realizado por ela apresentou resultado positivo depois de o presidente Jair Bolsonaro anunciar que estava curado da doen\u00e7a. De acordo com a Secom, Michelle apresenta bom estado de sa\u00fade e seguir\u00e1 todos os protocolos estabelecidos pelo Minist\u00e9rio da Sa\u00fade.<\/p>\n","protected":false},"excerpt":{"rendered":"<p>Pa\u00eds conta com 694.744 pacientes em acompanhamento; Outras 1.824.095 pessoas j\u00e1 se recuperaram do coronav\u00edrus O Brasil contabiliza 2.610.102 brasileiros infectados &#8211; desde o in\u00edcio&#8230;<\/p>\n","protected":false},"author":1182,"featured_media":28629,"comment_status":"closed","ping_status":"closed","sticky":false,"template":"","format":"standard","meta":{"footnotes":""},"categories":[6],"tags":[3451,61,416,2778,175,2752,2751,1458,3568,1460,2001,3569,1005,3095,3570,3300,3245,59,366],"class_list":["post-30814","post","type-post","status-publish","format-standard","has-post-thumbnail","hentry","category-noticias","tag-boletim","tag-brasil","tag-brasilia","tag-casos","tag-ceara","tag-coronavirus","tag-covid-19","tag-doenca","tag-epidemiologico","tag-infectados","tag-minas-gerais","tag-ministerio-da-saude","tag-mortes","tag-novos","tag-ocupacao","tag-pacientes","tag-recuperados","tag-rio-de-janeiro","tag-sao-paulo"],"_links":{"self":[{"href":"https:\/\/www.sincomam.org.br\/index.php\/wp-json\/wp\/v2\/posts\/30814","targetHints":{"allow":["GET"]}}],"collection":[{"href":"https:\/\/www.sincomam.org.br\/index.php\/wp-json\/wp\/v2\/posts"}],"about":[{"href":"https:\/\/www.sincomam.org.br\/index.php\/wp-json\/wp\/v2\/types\/post"}],"author":[{"embeddable":true,"href":"https:\/\/www.sincomam.org.br\/index.php\/wp-json\/wp\/v2\/users\/1182"}],"replies":[{"embeddable":true,"href":"https:\/\/www.sincomam.org.br\/index.php\/wp-json\/wp\/v2\/comments?post=30814"}],"version-history":[{"count":8,"href":"https:\/\/www.sincomam.org.br\/index.php\/wp-json\/wp\/v2\/posts\/30814\/revisions"}],"predecessor-version":[{"id":30824,"href":"https:\/\/www.sincomam.org.br\/index.php\/wp-json\/wp\/v2\/posts\/30814\/revisions\/30824"}],"wp:featuredmedia":[{"embeddable":true,"href":"https:\/\/www.sincomam.org.br\/index.php\/wp-json\/wp\/v2\/media\/28629"}],"wp:attachment":[{"href":"https:\/\/www.sincomam.org.br\/index.php\/wp-json\/wp\/v2\/media?parent=30814"}],"wp:term":[{"taxonomy":"category","embeddable":true,"href":"https:\/\/www.sincomam.org.br\/index.php\/wp-json\/wp\/v2\/categories?post=30814"},{"taxonomy":"post_tag","embeddable":true,"href":"https:\/\/www.sincomam.org.br\/index.php\/wp-json\/wp\/v2\/tags?post=30814"}],"curies":[{"name":"wp","href":"https:\/\/api.w.org\/{rel}","templated":true}]}}