{"id":30809,"date":"2020-07-31T10:19:20","date_gmt":"2020-07-31T13:19:20","guid":{"rendered":"http:\/\/www.sincomam.org.br\/?p=30809"},"modified":"2020-07-31T10:19:20","modified_gmt":"2020-07-31T13:19:20","slug":"diario-oficial-publica-norma-que-permite-teletrabalho-no-executivo","status":"publish","type":"post","link":"https:\/\/www.sincomam.org.br\/index.php\/diario-oficial-publica-norma-que-permite-teletrabalho-no-executivo\/","title":{"rendered":"Di\u00e1rio Oficial publica norma que permite teletrabalho no Executivo"},"content":{"rendered":"<p><strong><em>Medida entra em vigor a partir de 1\u00ba de setembro<\/em><\/strong><\/p>\n<p>Est\u00e1 publicada no Di\u00e1rio Oficial da Uni\u00e3o desta sexta-feira (31) a Instru\u00e7\u00e3o Normativa n\u00famero 65, do Minist\u00e9rio da Economia, com novas regras que institucionalizam o teletrabalho como alternativa ap\u00f3s o fim da pandemia do novo coronav\u00edrus. A norma entra em vigor a partir de 1\u00ba de setembro deste ano.<\/p>\n<p>At\u00e9 antes da pandemia, o teletrabalho ou trabalho remoto no Executivo Federal, era permitido apenas na forma de projeto-piloto. De acordo com a Secretaria Nacional de Desempenho pessoal da pasta, 360 mil servidores est\u00e3o em trabalho remoto: 270 mil s\u00e3o de universidades e institutos federais e 62% da for\u00e7a de trabalho do Executivo.<\/p>\n<p>Segundo o Minist\u00e9rio da Economia, os objetivos da medida s\u00e3o aumentar a produtividade, utilizar recursos de forma mais eficiente e n\u00e3o ter preju\u00edzos no atendimento \u00e0 popula\u00e7\u00e3o.<\/p>\n<p>At\u00e9 ent\u00e3o, o programa de teletrabalho precisava ser todo aprovado pelo ministro do \u00f3rg\u00e3o. Com a nova norma, o titular da pasta define as diretrizes gerais e os secret\u00e1rios as implementam, detalhando os aspectos t\u00e9cnicos e a forma como o programa de teletrabalho ir\u00e1 funcionar e como ser\u00e1 poss\u00edvel aderir a ele.<\/p>\n<p>Outra mudan\u00e7a da norma \u00e9 a permiss\u00e3o para que todos os servidores participem dos programas, incluindo cargos de confian\u00e7a e tempor\u00e1rios. At\u00e9 ent\u00e3o, apenas os cargos efetivos podiam pleitear a participa\u00e7\u00e3o. As empresas p\u00fablicas ficam de fora, por serem regidas pelas regras da Consolida\u00e7\u00e3o das Leis do Trabalho (CLT).<\/p>\n<p>Fonte: Ag\u00eancia Brasil<\/p>\n","protected":false},"excerpt":{"rendered":"<p>Medida entra em vigor a partir de 1\u00ba de setembro Est\u00e1 publicada no Di\u00e1rio Oficial da Uni\u00e3o desta sexta-feira (31) a Instru\u00e7\u00e3o Normativa n\u00famero 65,&#8230;<\/p>\n","protected":false},"author":1182,"featured_media":30811,"comment_status":"closed","ping_status":"closed","sticky":false,"template":"","format":"standard","meta":{"footnotes":""},"categories":[6],"tags":[818,3432,3566,856,3567,516,1823,3301,954],"class_list":["post-30809","post","type-post","status-publish","format-standard","has-post-thumbnail","hentry","category-noticias","tag-aprovacao","tag-clt","tag-diario-oficial","tag-economia","tag-executivo","tag-medida","tag-servidores","tag-teletrabalho","tag-uniao"],"_links":{"self":[{"href":"https:\/\/www.sincomam.org.br\/index.php\/wp-json\/wp\/v2\/posts\/30809","targetHints":{"allow":["GET"]}}],"collection":[{"href":"https:\/\/www.sincomam.org.br\/index.php\/wp-json\/wp\/v2\/posts"}],"about":[{"href":"https:\/\/www.sincomam.org.br\/index.php\/wp-json\/wp\/v2\/types\/post"}],"author":[{"embeddable":true,"href":"https:\/\/www.sincomam.org.br\/index.php\/wp-json\/wp\/v2\/users\/1182"}],"replies":[{"embeddable":true,"href":"https:\/\/www.sincomam.org.br\/index.php\/wp-json\/wp\/v2\/comments?post=30809"}],"version-history":[{"count":1,"href":"https:\/\/www.sincomam.org.br\/index.php\/wp-json\/wp\/v2\/posts\/30809\/revisions"}],"predecessor-version":[{"id":30812,"href":"https:\/\/www.sincomam.org.br\/index.php\/wp-json\/wp\/v2\/posts\/30809\/revisions\/30812"}],"wp:featuredmedia":[{"embeddable":true,"href":"https:\/\/www.sincomam.org.br\/index.php\/wp-json\/wp\/v2\/media\/30811"}],"wp:attachment":[{"href":"https:\/\/www.sincomam.org.br\/index.php\/wp-json\/wp\/v2\/media?parent=30809"}],"wp:term":[{"taxonomy":"category","embeddable":true,"href":"https:\/\/www.sincomam.org.br\/index.php\/wp-json\/wp\/v2\/categories?post=30809"},{"taxonomy":"post_tag","embeddable":true,"href":"https:\/\/www.sincomam.org.br\/index.php\/wp-json\/wp\/v2\/tags?post=30809"}],"curies":[{"name":"wp","href":"https:\/\/api.w.org\/{rel}","templated":true}]}}