{"id":30803,"date":"2020-07-31T09:52:35","date_gmt":"2020-07-31T12:52:35","guid":{"rendered":"http:\/\/www.sincomam.org.br\/?p=30803"},"modified":"2020-07-31T09:52:35","modified_gmt":"2020-07-31T12:52:35","slug":"marinha-do-brasil-realiza-transmissao-do-cargo-de-coordenador-da-area-maritima-do-atlantico-sul","status":"publish","type":"post","link":"https:\/\/www.sincomam.org.br\/index.php\/marinha-do-brasil-realiza-transmissao-do-cargo-de-coordenador-da-area-maritima-do-atlantico-sul\/","title":{"rendered":"Marinha do Brasil realiza transmiss\u00e3o do cargo de Coordenador da \u00c1rea Mar\u00edtima do Atl\u00e2ntico Sul"},"content":{"rendered":"<p><strong><em>Cerim\u00f4nia foi presidida pelo Comandante de Opera\u00e7\u00f5es Navais<\/em><\/strong><\/p>\n<p>A Marinha do Brasil (MB) informa que foi realizada a transmiss\u00e3o do cargo de Coordenador da \u00c1rea Mar\u00edtima do Atl\u00e2ntico Sul (CAMAS), do Contra-Almirante Jeferson Denis Cruz Medeiros para o Contra-Almirante Manoel Luiz Pav\u00e3o Barroso. Durante o bi\u00eanio 2020-2022, o Almirante Barroso exercer\u00e1 o cargo cumulativamente ao de Subchefe de Opera\u00e7\u00f5es do Comando de Opera\u00e7\u00f5es Navais (ComOpNav).<\/p>\n<p>O CAMAS \u00e9 respons\u00e1vel pela coordena\u00e7\u00e3o do Comando Local de Controle Operativo e, junto com as organiza\u00e7\u00f5es de Controle Naval do Trafego Mar\u00edtimo da \u00c1rea Mar\u00edtima do Atl\u00e2ntico Sul (AMAS), tem a miss\u00e3o de coordenar as tarefas a serem implementadas pelas Marinhas do Brasil, Argentina, Uruguai e Paraguai, estabelecendo um sistema integrado para o monitoramento, interc\u00e2mbio de informa\u00e7\u00f5es e defesa do Tr\u00e1fego Mar\u00edtimo Interamericano, em tempo de paz ou de guerra.<\/p>\n<p><strong>AMAS<\/strong><\/p>\n<p>A AMAS foi estruturada no final dos anos 60 para atender ao Plano de Coordena\u00e7\u00e3o da Defesa do Tr\u00e1fego Mar\u00edtimo Interamericano, que tem como prop\u00f3sito coordenar as a\u00e7\u00f5es dos pa\u00edses americanos, no que diz respeito ao controle naval do tr\u00e1fego mar\u00edtimo continental. A doutrina da AMAS prev\u00ea que esse controle seja regional, enquanto as medidas de prote\u00e7\u00e3o e seguran\u00e7a s\u00e3o nacionais.<\/p>\n<p><strong>O Evento<\/strong><\/p>\n<p>A solenidade, foi presidida pelo Comandante de Opera\u00e7\u00f5es Navais, Almirante de Esquadra Alipio Jorge Rodrigues da Silva, no Rio de Janeiro. Na ocasi\u00e3o, o Contra-Almirante Jeferson tamb\u00e9m passou o Cargo de Subchefe de Organiza\u00e7\u00e3o do ComOpNav para o Contra-Almirante Jos\u00e9 Gentile. Em seu agradecimento, o Comandante de Opera\u00e7\u00f5es Navais ressaltou o assessoramento seguro e oportuno que contribuiu de forma relevante para as significativas tarefas desempenhadas pelo Setor Operativo.<\/p>\n<p>*Com informa\u00e7\u00f5es da MB\/Foto:divulga\u00e7\u00e3o<\/p>\n","protected":false},"excerpt":{"rendered":"<p>Cerim\u00f4nia foi presidida pelo Comandante de Opera\u00e7\u00f5es Navais A Marinha do Brasil (MB) informa que foi realizada a transmiss\u00e3o do cargo de Coordenador da \u00c1rea&#8230;<\/p>\n","protected":false},"author":1182,"featured_media":30804,"comment_status":"closed","ping_status":"closed","sticky":false,"template":"","format":"standard","meta":{"footnotes":""},"categories":[6],"tags":[318,1695,61,2881,3564,15,1536,1696,2880],"class_list":["post-30803","post","type-post","status-publish","format-standard","has-post-thumbnail","hentry","category-noticias","tag-area","tag-atlantico","tag-brasil","tag-cargo","tag-coordenador","tag-marinha","tag-maritima","tag-sul","tag-transmissao"],"_links":{"self":[{"href":"https:\/\/www.sincomam.org.br\/index.php\/wp-json\/wp\/v2\/posts\/30803","targetHints":{"allow":["GET"]}}],"collection":[{"href":"https:\/\/www.sincomam.org.br\/index.php\/wp-json\/wp\/v2\/posts"}],"about":[{"href":"https:\/\/www.sincomam.org.br\/index.php\/wp-json\/wp\/v2\/types\/post"}],"author":[{"embeddable":true,"href":"https:\/\/www.sincomam.org.br\/index.php\/wp-json\/wp\/v2\/users\/1182"}],"replies":[{"embeddable":true,"href":"https:\/\/www.sincomam.org.br\/index.php\/wp-json\/wp\/v2\/comments?post=30803"}],"version-history":[{"count":1,"href":"https:\/\/www.sincomam.org.br\/index.php\/wp-json\/wp\/v2\/posts\/30803\/revisions"}],"predecessor-version":[{"id":30805,"href":"https:\/\/www.sincomam.org.br\/index.php\/wp-json\/wp\/v2\/posts\/30803\/revisions\/30805"}],"wp:featuredmedia":[{"embeddable":true,"href":"https:\/\/www.sincomam.org.br\/index.php\/wp-json\/wp\/v2\/media\/30804"}],"wp:attachment":[{"href":"https:\/\/www.sincomam.org.br\/index.php\/wp-json\/wp\/v2\/media?parent=30803"}],"wp:term":[{"taxonomy":"category","embeddable":true,"href":"https:\/\/www.sincomam.org.br\/index.php\/wp-json\/wp\/v2\/categories?post=30803"},{"taxonomy":"post_tag","embeddable":true,"href":"https:\/\/www.sincomam.org.br\/index.php\/wp-json\/wp\/v2\/tags?post=30803"}],"curies":[{"name":"wp","href":"https:\/\/api.w.org\/{rel}","templated":true}]}}