{"id":30782,"date":"2020-07-30T09:16:24","date_gmt":"2020-07-30T12:16:24","guid":{"rendered":"http:\/\/www.sincomam.org.br\/?p=30782"},"modified":"2020-07-30T09:18:00","modified_gmt":"2020-07-30T12:18:00","slug":"covid-19-pesquisa-em-comunidade-do-rio-avalia-contaminacao-do-ar-e-esgoto","status":"publish","type":"post","link":"https:\/\/www.sincomam.org.br\/index.php\/covid-19-pesquisa-em-comunidade-do-rio-avalia-contaminacao-do-ar-e-esgoto\/","title":{"rendered":"Covid-19: Pesquisa em comunidade do Rio avalia contamina\u00e7\u00e3o do ar e esgoto"},"content":{"rendered":"<p><strong><em>Trabalho na Santa Marta \u00e9 feito por pesquisadores da Uerj e Fiocruz<\/em><\/strong><\/p>\n<p>A comunidade Santa Marta, em Botafogo, na zona sul do Rio, \u00e9 foco de um projeto de pesquisadores do Laborat\u00f3rio de Radioecologia e Mudan\u00e7as Globais (Laramg), do Departamento de Biof\u00edsica e Biometria da Universidade do Estado do Rio de Janeiro (Uerj).<\/p>\n<p>Durante os dois \u00faltimos dias, as equipes da institui\u00e7\u00e3o colheram amostras de aeross\u00f3is da sa\u00edda de valas de esgotos que correm a c\u00e9u aberto e de monitoramento do ar nas localidades do Cant\u00e3o e do P\u00e9 da Escada, que s\u00e3o \u00e1reas de grande movimenta\u00e7\u00e3o de moradores da favela. A inten\u00e7\u00e3o dos pesquisadores \u00e9 avaliar se existe algum tipo de contamina\u00e7\u00e3o pelo novo coronav\u00edrus.<\/p>\n<p>O l\u00edder comunit\u00e1rio e guia de turismo da Santa Marta, Thiago Firmino, 39 anos, disse que o material coletado ser\u00e1 analisado pelas equipes da Uerj e pela Funda\u00e7\u00e3o Oswaldo Cruz (Fiocruz), mas ainda n\u00e3o h\u00e1 previs\u00e3o para a divulga\u00e7\u00e3o do laudo. Depois dessa etapa, segundo Firmino, os pesquisadores, que t\u00eam \u00e0 frente o professor Heitor Evangelista, v\u00e3o colher amostras da \u00e1gua de dez pontos de esgotos.<\/p>\n<p>Para ele, se for comprovada a presen\u00e7a do v\u00edrus, ser\u00e1 a oportunidade de fazer uma a\u00e7\u00e3o de pol\u00edtica p\u00fablica e obras de saneamento com a cobertura dos esgotos. \u201cTudo que for captado nessas \u00e1reas vai servir para a gente cobrar que fechem os esgotos. Tamb\u00e9m vai servir para outras favelas. A maioria tem esgoto a c\u00e9u aberto. Isso a\u00ed j\u00e1 \u00e9 um p\u00e9 para fechar e evitar as doen\u00e7as, disse em entrevista \u00e0 Ag\u00eancia Brasil.<\/p>\n<p>Thiago Firmino contou que o come\u00e7o da pandemia acendeu um sinal vermelho sobre qual seria o impacto do novo coronav\u00edrus na Santa Marta. Ele teve a iniciativa de reunir volunt\u00e1rios para participar de a\u00e7\u00f5es de sanitiza\u00e7\u00e3o na comunidade, criando o grupo Santa Marta contra a Covid-19.<\/p>\n<p>O projeto conta com 12 volunt\u00e1rios, mas conforme os dias de trabalho deles, \u00e9 mais comum que oito participem do servi\u00e7o, feito duas vezes na semana. A falta de \u00e1gua tamb\u00e9m era um problema. \u201cComo voc\u00ea pode fazer a higiene sem \u00e1gua?\u201d, questionou, lembrando que o problema, que j\u00e1 existia, piorou com a pandemia.<\/p>\n<p>Antes de come\u00e7ar a sanitiza\u00e7\u00e3o no dia 4 de abril, ele fez uma pesquisa de como o servi\u00e7o era feito na China e procurou um qu\u00edmico para ter uma avalia\u00e7\u00e3o especializada. A ideia surgiu depois que ficou impedido de trabalhar, porque com a pandemia foram suspensas as visitas guiadas \u00e0s favelas. Firmino, que nasceu e cresceu na comunidade, atualmente com cerca de 1.750 fam\u00edlias e 700 casas e edifica\u00e7\u00f5es, achou que era hora de fazer alguma coisa para o lugar que conhecia bem. \u201cEu sou guia local e, vendo o coronav\u00edrus chegar, as pol\u00edticas para as favelas esquecidas, tive a ideia e fui estudar como era feita na China, afirmou.<\/p>\n<p><strong>Equipamentos<\/strong><\/p>\n<p>Para a compra de equipamentos e produtos, Firmino, que tamb\u00e9m \u00e9 DJ, contou com uma vaquinha. As primeiras contribui\u00e7\u00f5es, que somaram R$ 5 mil, vieram de amigos artistas de rap que moram na Dinamarca. Com os recursos que j\u00e1 conseguiram at\u00e9 agora, puderam comprar cinco equipamentos.<\/p>\n<p>Ap\u00f3s tr\u00eas meses desse servi\u00e7o, resolveu convidar a Uerj para a realiza\u00e7\u00e3o da pesquisa, que pudesse levantar dados e verificar a possibilidade de outros tipos de contamina\u00e7\u00e3o. \u201cA gente trabalha matando o coronav\u00edrus, desinfetando a favela e convidamos para fazerem um estudo. A gente que trouxe a Uerj para c\u00e1\u201d, disse.<\/p>\n<p><strong>Experi\u00eancia compartilhada<\/strong><\/p>\n<p>As a\u00e7\u00f5es de sanitiza\u00e7\u00e3o j\u00e1 se espalharam para outras comunidades. Firmino revelou que a experi\u00eancia foi levada para o Cantagalo, onde fez treinamento de volunt\u00e1rios, como tamb\u00e9m a comunidades do Leme, Jesu\u00edtas, Mar\u00e9 e Provid\u00eancia. \u201cA gente serviu como base. O pessoal vinha para c\u00e1, treinava e voltava para as favelas deles\u201d.<\/p>\n<p><strong>Estat\u00edsticas<\/strong><\/p>\n<p>Na vis\u00e3o do l\u00edder comunit\u00e1rio, o n\u00famero de mortes e casos de contamina\u00e7\u00e3o que costumam ser divulgados n\u00e3o s\u00e3o realistas. Parte do problema, acredita, ocorre porque as causas das mortes nem sempre indicam a covid-19. \u201cUma moradora foi internada com os sintomas da covid, foi entubada e no dia em que tiraram os tubos fizeram uma live do hospital para ela falar com a fam\u00edlia. No dia seguinte ela morreu. A\u00ed a causa foi indeterminada. Como se ela foi entubada, desentubada e morreu? Entubou por qu\u00ea?\u201d, comentou, defendendo um estudo s\u00e9rio para avaliar a incid\u00eancia da contamina\u00e7\u00e3o nas comunidades.<\/p>\n<p>A proposta da equipe da Uerj \u00e9, depois de ter os dados das coletas analisados, avaliar a necessidade de implementa\u00e7\u00e3o de novas medidas para reduzir os riscos de propaga\u00e7\u00e3o, como maior ventila\u00e7\u00e3o, maior assepsia, uso de prote\u00e7\u00e3o mais eficiente e controle do n\u00famero m\u00e1ximo de pessoas.<\/p>\n<p>Segundo o professor Evangelista, quando uma pessoa espirra, o v\u00edrus rapidamente interage com o material que est\u00e1 na atmosfera. S\u00e3o micropart\u00edculas de diversos tamanhos. As maiores ficam mais retidas nas vias a\u00e9reas superiores e as menores podem chegar at\u00e9 a \u00e1rea dos pulm\u00f5es diretamente. De acordo com ele, a quantidade de micro-organismos pode variar, conforme as condi\u00e7\u00f5es ambientais, como umidade, polui\u00e7\u00e3o e incid\u00eancia de luz solar.<\/p>\n<p>Fonte: Ag\u00eancia Brasil \/ Foto: RioTravel<\/p>\n","protected":false},"excerpt":{"rendered":"<p>Trabalho na Santa Marta \u00e9 feito por pesquisadores da Uerj e Fiocruz A comunidade Santa Marta, em Botafogo, na zona sul do Rio, \u00e9 foco&#8230;<\/p>\n","protected":false},"author":1182,"featured_media":30783,"comment_status":"closed","ping_status":"closed","sticky":false,"template":"","format":"standard","meta":{"footnotes":""},"categories":[6],"tags":[3557,3556,3307,3064,2752,2751,3558,1476,3554,3276,3553,630,59,3555,3552],"class_list":["post-30782","post","type-post","status-publish","format-standard","has-post-thumbnail","hentry","category-noticias","tag-ar","tag-cantagalo","tag-comunidade","tag-contaminacao","tag-coronavirus","tag-covid-19","tag-esgoto","tag-estado","tag-favela","tag-fiocruz","tag-moradores","tag-pesquisa","tag-rio-de-janeiro","tag-santa-marta","tag-uerj"],"_links":{"self":[{"href":"https:\/\/www.sincomam.org.br\/index.php\/wp-json\/wp\/v2\/posts\/30782","targetHints":{"allow":["GET"]}}],"collection":[{"href":"https:\/\/www.sincomam.org.br\/index.php\/wp-json\/wp\/v2\/posts"}],"about":[{"href":"https:\/\/www.sincomam.org.br\/index.php\/wp-json\/wp\/v2\/types\/post"}],"author":[{"embeddable":true,"href":"https:\/\/www.sincomam.org.br\/index.php\/wp-json\/wp\/v2\/users\/1182"}],"replies":[{"embeddable":true,"href":"https:\/\/www.sincomam.org.br\/index.php\/wp-json\/wp\/v2\/comments?post=30782"}],"version-history":[{"count":1,"href":"https:\/\/www.sincomam.org.br\/index.php\/wp-json\/wp\/v2\/posts\/30782\/revisions"}],"predecessor-version":[{"id":30784,"href":"https:\/\/www.sincomam.org.br\/index.php\/wp-json\/wp\/v2\/posts\/30782\/revisions\/30784"}],"wp:featuredmedia":[{"embeddable":true,"href":"https:\/\/www.sincomam.org.br\/index.php\/wp-json\/wp\/v2\/media\/30783"}],"wp:attachment":[{"href":"https:\/\/www.sincomam.org.br\/index.php\/wp-json\/wp\/v2\/media?parent=30782"}],"wp:term":[{"taxonomy":"category","embeddable":true,"href":"https:\/\/www.sincomam.org.br\/index.php\/wp-json\/wp\/v2\/categories?post=30782"},{"taxonomy":"post_tag","embeddable":true,"href":"https:\/\/www.sincomam.org.br\/index.php\/wp-json\/wp\/v2\/tags?post=30782"}],"curies":[{"name":"wp","href":"https:\/\/api.w.org\/{rel}","templated":true}]}}