{"id":30762,"date":"2020-07-29T12:12:36","date_gmt":"2020-07-29T15:12:36","guid":{"rendered":"http:\/\/www.sincomam.org.br\/?p=30762"},"modified":"2020-07-29T12:13:23","modified_gmt":"2020-07-29T15:13:23","slug":"vale-da-inicio-a-protocolo-de-emergencia-em-barragem-em-nova-lima","status":"publish","type":"post","link":"https:\/\/www.sincomam.org.br\/index.php\/vale-da-inicio-a-protocolo-de-emergencia-em-barragem-em-nova-lima\/","title":{"rendered":"Vale d\u00e1 in\u00edcio a protocolo de emerg\u00eancia em barragem em Nova Lima"},"content":{"rendered":"<p><strong><em>Empresa afirma que medida \u00e9 preventiva e de prote\u00e7\u00e3o a popula\u00e7\u00e3o<\/em><\/strong><\/p>\n<p>A Vale come\u00e7ou hoje (29), de forma preventiva, o protocolo de emerg\u00eancia em n\u00edvel 1 da barragem 5, da Mina da Mutuca, em Nova Lima, Minas Gerais. De acordo com a mineradora, esse protocolo n\u00e3o determina a evacua\u00e7\u00e3o da popula\u00e7\u00e3o. A empresa informou que a barragem de rejeitos foi constru\u00edda com solo compactado, com um alteamento para jusante e n\u00e3o recebe mais rejeitos de minera\u00e7\u00e3o.<\/p>\n<p>\u201cTal protocolo \u00e9 uma medida preventiva e consequ\u00eancia da mudan\u00e7a de crit\u00e9rio t\u00e9cnico, com nova interpreta\u00e7\u00e3o dos par\u00e2metros de resist\u00eancia realizado por etapa adicional de avalia\u00e7\u00e3o das estruturas da Vale no Brasil ap\u00f3s a implementa\u00e7\u00e3o, em janeiro deste ano, da fun\u00e7\u00e3o de Engenheiro de Registro (&#8220;EoR&#8221;)\u201d, acrescentou em nota.<\/p>\n<p>A Vale assegurou que inspe\u00e7\u00f5es mais recentes n\u00e3o identificaram anomalias que possam comprometer a seguran\u00e7a da estrutura. \u201cA barragem 5 teve sua Declara\u00e7\u00e3o de Condi\u00e7\u00e3o de Estabilidade (&#8220;DCE&#8221;) emitida em 31 de mar\u00e7o de 2020. Entretanto, a partir dos novos par\u00e2metros observados, a DCE se tornar\u00e1 negativa\u201d, completou.<\/p>\n<p>Conforme a mineradora, o acionamento do n\u00edvel 1 da barragem 5, da Mina da Mutuca \u201cn\u00e3o impacta o plano de produ\u00e7\u00e3o de 2020, conforme apresentado no Relat\u00f3rio Produ\u00e7\u00e3o e Vendas do 2T20\u201d.<\/p>\n<p>Fonte: Ag\u00eancia Brasil \/ Foto: divulga\u00e7\u00e3o &#8211; Rompimento de barragem da Samarco, em Mariana (MG).<\/p>\n<p><strong>Leia tamb\u00e9m: <\/strong><\/p>\n<p><a href=\"https:\/\/www.sincomam.org.br\/index.php\/vale-adota-emergencia-em-barragens-de-nova-lima-e-ouro-preto\/\" target=\"_blank\" rel=\"noopener noreferrer\"><strong>Vale adota emerg\u00eancia em barragens de Nova Lima e Ouro Preto<\/strong><\/a><\/p>\n<p><strong><a href=\"https:\/\/www.sincomam.org.br\/index.php\/justica-volta-a-interditar-minas-da-vale-em-itabira-apos-denuncia-do-mpt-sobre-risco-de-contaminacao-por-covid-19\/\" target=\"_blank\" rel=\"noopener noreferrer\">Justi\u00e7a volta a interditar minas da Vale<\/a><\/strong><\/p>\n","protected":false},"excerpt":{"rendered":"<p>Empresa afirma que medida \u00e9 preventiva e de prote\u00e7\u00e3o a popula\u00e7\u00e3o A Vale come\u00e7ou hoje (29), de forma preventiva, o protocolo de emerg\u00eancia em n\u00edvel&#8230;<\/p>\n","protected":false},"author":1182,"featured_media":17462,"comment_status":"closed","ping_status":"closed","sticky":false,"template":"","format":"standard","meta":{"footnotes":""},"categories":[6],"tags":[3545,3546,660,2001,3168,3544,573],"class_list":["post-30762","post","type-post","status-publish","format-standard","has-post-thumbnail","hentry","category-noticias","tag-barragem","tag-desastre","tag-emergencia","tag-minas-gerais","tag-nova-lima","tag-protocolo","tag-vale"],"_links":{"self":[{"href":"https:\/\/www.sincomam.org.br\/index.php\/wp-json\/wp\/v2\/posts\/30762","targetHints":{"allow":["GET"]}}],"collection":[{"href":"https:\/\/www.sincomam.org.br\/index.php\/wp-json\/wp\/v2\/posts"}],"about":[{"href":"https:\/\/www.sincomam.org.br\/index.php\/wp-json\/wp\/v2\/types\/post"}],"author":[{"embeddable":true,"href":"https:\/\/www.sincomam.org.br\/index.php\/wp-json\/wp\/v2\/users\/1182"}],"replies":[{"embeddable":true,"href":"https:\/\/www.sincomam.org.br\/index.php\/wp-json\/wp\/v2\/comments?post=30762"}],"version-history":[{"count":2,"href":"https:\/\/www.sincomam.org.br\/index.php\/wp-json\/wp\/v2\/posts\/30762\/revisions"}],"predecessor-version":[{"id":30764,"href":"https:\/\/www.sincomam.org.br\/index.php\/wp-json\/wp\/v2\/posts\/30762\/revisions\/30764"}],"wp:featuredmedia":[{"embeddable":true,"href":"https:\/\/www.sincomam.org.br\/index.php\/wp-json\/wp\/v2\/media\/17462"}],"wp:attachment":[{"href":"https:\/\/www.sincomam.org.br\/index.php\/wp-json\/wp\/v2\/media?parent=30762"}],"wp:term":[{"taxonomy":"category","embeddable":true,"href":"https:\/\/www.sincomam.org.br\/index.php\/wp-json\/wp\/v2\/categories?post=30762"},{"taxonomy":"post_tag","embeddable":true,"href":"https:\/\/www.sincomam.org.br\/index.php\/wp-json\/wp\/v2\/tags?post=30762"}],"curies":[{"name":"wp","href":"https:\/\/api.w.org\/{rel}","templated":true}]}}