{"id":30749,"date":"2020-07-28T12:20:55","date_gmt":"2020-07-28T15:20:55","guid":{"rendered":"http:\/\/www.sincomam.org.br\/?p=30749"},"modified":"2020-07-28T12:20:55","modified_gmt":"2020-07-28T15:20:55","slug":"com-pandemia-pais-perde-12-milhao-de-empregos-com-carteira-no-1o-semestre","status":"publish","type":"post","link":"https:\/\/www.sincomam.org.br\/index.php\/com-pandemia-pais-perde-12-milhao-de-empregos-com-carteira-no-1o-semestre\/","title":{"rendered":"Com pandemia, pa\u00eds perde 1,2 milh\u00e3o de empregos com carteira no 1\u00ba semestre"},"content":{"rendered":"<p>O Brasil perdeu 1.198.363 de postos de trabalho com carteira assinada no primeiro semestre do ano, no pior resultado para o per\u00edodo desde o in\u00edcio da s\u00e9rie hist\u00f3rica do Minist\u00e9rio da Economia, em 2010. No mesmo per\u00edodo do ano passado, foram criadas 408.500 vagas.<\/p>\n<p>O mercado de trabalho foi fortemente afetado pela pandemia do coronav\u00edrus, que provocou o fechamento de diversas atividades econ\u00f4micas no pa\u00eds. O resultado do primeiro semestre \u00e9 o saldo, ou seja, a diferen\u00e7a entre 6.718.276 contrata\u00e7\u00f5es e 7.916.639 demiss\u00f5es.<\/p>\n<p><strong>Perda de empregos desacelerou em junho <\/strong><\/p>\n<p>Apenas no m\u00eas de junho foram fechadas 10.984 vagas com carteira, no pior resultado para o m\u00eas desde 2016 (-91.032 vagas).<\/p>\n<p>O n\u00famero \u00e9 pior que o registrado em junho de 2019 (+48.436), mas representa desacelera\u00e7\u00e3o no ritmo de perda de vagas em rela\u00e7\u00e3o aos meses anteriores, tamb\u00e9m afetados pela pandemia.<\/p>\n<ul>\n<li>junho: -10.984 vagas<\/li>\n<li>maio: -350.303 vagas<\/li>\n<li>abril: -918.286 vagas<\/li>\n<li>mar\u00e7o: -259.917 vagas<\/li>\n<\/ul>\n<p>O total de pessoas que estavam empregadas com carteira assinada em junho somou 37.611.260, o que representa uma varia\u00e7\u00e3o de -0,03% em rela\u00e7\u00e3o ao m\u00eas anterior. Os dados s\u00e3o do Caged (Cadastro Geral de Empregados e Desempregados) e foram divulgados hoje (28), pelo Minist\u00e9rio da Economia.<\/p>\n<p>Em junho, tr\u00eas dos cinco grupos de atividade econ\u00f4mica analisados pelo Caged tiveram queda nos empregos. Veja a seguir o desempenho de cada setor: Servi\u00e7os -44.891 vagas; Com\u00e9rcio (inclui repara\u00e7\u00e3o de ve\u00edculos automotores e motocicletas) -16.646 vagas; Ind\u00fastria -3.545 vagas; Constru\u00e7\u00e3o civil +17.270 vagas; Agricultura, pecu\u00e1ria, produ\u00e7\u00e3o florestal, pesca e aquicultura +36.836 vagas.<\/p>\n<p><strong>IBGE faz pesquisa diferente <\/strong><\/p>\n<p>Os dados do Caged consideram apenas os empregos com carteira assinada. Existem outros n\u00fameros sobre desemprego apresentados pelo IBGE (Instituto Brasileiro de Geografia e Estat\u00edstica), que s\u00e3o mais amplos, pois levam em conta todos os trabalhadores, com e sem carteira.<\/p>\n<p>A \u00faltima Pnad (Pesquisa Nacional por Amostra de Domic\u00edlios) Cont\u00ednua registrou que o Brasil tinha, em m\u00e9dia, 12,7 milh\u00f5es de desempregados no trimestre encerrado em maio.<\/p>\n<p>Fonte: UOL<\/p>\n","protected":false},"excerpt":{"rendered":"<p>O Brasil perdeu 1.198.363 de postos de trabalho com carteira assinada no primeiro semestre do ano, no pior resultado para o per\u00edodo desde o in\u00edcio&#8230;<\/p>\n","protected":false},"author":1182,"featured_media":30751,"comment_status":"closed","ping_status":"closed","sticky":false,"template":"","format":"standard","meta":{"footnotes":""},"categories":[6],"tags":[3536,61,1936,3535,833,856,156,2755,582,746,1538],"class_list":["post-30749","post","type-post","status-publish","format-standard","has-post-thumbnail","hentry","category-noticias","tag-assinada","tag-brasil","tag-caged","tag-carteira","tag-desemprego","tag-economia","tag-empregos","tag-pandemia","tag-perda","tag-registro","tag-trabalhador"],"_links":{"self":[{"href":"https:\/\/www.sincomam.org.br\/index.php\/wp-json\/wp\/v2\/posts\/30749","targetHints":{"allow":["GET"]}}],"collection":[{"href":"https:\/\/www.sincomam.org.br\/index.php\/wp-json\/wp\/v2\/posts"}],"about":[{"href":"https:\/\/www.sincomam.org.br\/index.php\/wp-json\/wp\/v2\/types\/post"}],"author":[{"embeddable":true,"href":"https:\/\/www.sincomam.org.br\/index.php\/wp-json\/wp\/v2\/users\/1182"}],"replies":[{"embeddable":true,"href":"https:\/\/www.sincomam.org.br\/index.php\/wp-json\/wp\/v2\/comments?post=30749"}],"version-history":[{"count":1,"href":"https:\/\/www.sincomam.org.br\/index.php\/wp-json\/wp\/v2\/posts\/30749\/revisions"}],"predecessor-version":[{"id":30752,"href":"https:\/\/www.sincomam.org.br\/index.php\/wp-json\/wp\/v2\/posts\/30749\/revisions\/30752"}],"wp:featuredmedia":[{"embeddable":true,"href":"https:\/\/www.sincomam.org.br\/index.php\/wp-json\/wp\/v2\/media\/30751"}],"wp:attachment":[{"href":"https:\/\/www.sincomam.org.br\/index.php\/wp-json\/wp\/v2\/media?parent=30749"}],"wp:term":[{"taxonomy":"category","embeddable":true,"href":"https:\/\/www.sincomam.org.br\/index.php\/wp-json\/wp\/v2\/categories?post=30749"},{"taxonomy":"post_tag","embeddable":true,"href":"https:\/\/www.sincomam.org.br\/index.php\/wp-json\/wp\/v2\/tags?post=30749"}],"curies":[{"name":"wp","href":"https:\/\/api.w.org\/{rel}","templated":true}]}}