{"id":30740,"date":"2020-07-28T10:07:07","date_gmt":"2020-07-28T13:07:07","guid":{"rendered":"http:\/\/www.sincomam.org.br\/?p=30740"},"modified":"2020-07-28T10:07:07","modified_gmt":"2020-07-28T13:07:07","slug":"salvamar-nordeste-coordena-resgate-de-tripulante-de-navio-mercante-em-pernambuco","status":"publish","type":"post","link":"https:\/\/www.sincomam.org.br\/index.php\/salvamar-nordeste-coordena-resgate-de-tripulante-de-navio-mercante-em-pernambuco\/","title":{"rendered":"Salvamar Nordeste coordena resgate de tripulante de Navio Mercante em Pernambuco"},"content":{"rendered":"<p><strong><em>Equipe contou com apoio de aeronave da For\u00e7a A\u00e9rea Brasileira para evacua\u00e7\u00e3o m\u00e9dica do tripulante com problemas de sa\u00fade<\/em><\/strong><\/p>\n<p>A Marinha do Brasil comunica que, a equipe do Salvamar Nordeste coordenou, no dia 25 de julho, a evacua\u00e7\u00e3o aerom\u00e9dica de um tripulante do Navio Mercante \u201cKapetan Sideris\u201d, que apresentou problemas de sa\u00fade a bordo.<\/p>\n<p>Segundo as informa\u00e7\u00f5es divulgadas pela Marinha, o tripulante filipino, de 61 anos, apresentou fortes dores no peito e dificuldade respirat\u00f3ria, o que motivou a solicita\u00e7\u00e3o de assist\u00eancia m\u00e9dica pelo navio, que navegava a cerca de 245 milhas n\u00e1uticas (equivalente a 453 quil\u00f4metros) de Recife (PE).<\/p>\n<p><em>\u201cO Salvamar Nordeste iniciou uma Opera\u00e7\u00e3o de Busca e Salvamento e, em coordena\u00e7\u00e3o com a For\u00e7a A\u00e9rea Brasileira, recebeu o apoio de uma aeronave H-36 Caracal, do Esquadr\u00e3o Falc\u00e3o (1\u00ba\/8\u00baGAV), sediado na Ala 10, em Natal (RN), que resgatou o tripulante a bordo do navio e o transportou em seguran\u00e7a at\u00e9 o p\u00e1tio do CINDACTA III, na capital pernambucana. Em Recife, a equipe de Busca e Salvamento da Capitania dos Portos de Pernambuco realizou contato com o Agente de Navega\u00e7\u00e3o do Navio para acionamento de uma ambul\u00e2ncia, bem como acompanhou o deslocamento do tripulante at\u00e9 o hospital, onde foi prestado o atendimento m\u00e9dico adequado\u201d, afirmou a Marinha em nota<\/em>.<\/p>\n<p>No dia 24 de julho, a equipe do Salvamar Nordeste tamb\u00e9m fez a evacua\u00e7\u00e3o aerom\u00e9dica de um tripulante filipino, de 38 anos, do Navio Mercante \u201cHalcon Trader\u201d. Na ocasi\u00e3o, o tripulante apresentou sintoma de fortes dores abdominais e precisou de assist\u00eancia m\u00e9dica. A embarca\u00e7\u00e3o navegava a cerca de 150 milhas n\u00e1uticas (equivalente a 277 quil\u00f4metros) de Fortaleza, Cear\u00e1.<\/p>\n<p><strong><em>Leia tamb\u00e9m: <a href=\"https:\/\/www.sincomam.org.br\/index.php\/tripulante-de-navio-mercante-com-suspeita-de-covid-19-e-resgatado-pela-marinha-em-alagoas\/\" target=\"_blank\" rel=\"noopener noreferrer\">Tripulante de Navio Mercante com suspeita de Covid-19 \u00e9 resgatado<\/a><\/em><\/strong><\/p>\n<p>*Com informa\u00e7\u00f5es da Marinha do Brasil \/ Foto: divulga\u00e7\u00e3o MB<\/p>\n","protected":false},"excerpt":{"rendered":"<p>Equipe contou com apoio de aeronave da For\u00e7a A\u00e9rea Brasileira para evacua\u00e7\u00e3o m\u00e9dica do tripulante com problemas de sa\u00fade A Marinha do Brasil comunica que,&#8230;<\/p>\n","protected":false},"author":1182,"featured_media":30741,"comment_status":"closed","ping_status":"closed","sticky":false,"template":"","format":"standard","meta":{"footnotes":""},"categories":[6],"tags":[61,2752,2751,352,3529,3330,348,2988,15,567,47,1753,394,222,978],"class_list":["post-30740","post","type-post","status-publish","format-standard","has-post-thumbnail","hentry","category-noticias","tag-brasil","tag-coronavirus","tag-covid-19","tag-embarcacao","tag-evacuacao","tag-forca-aerea","tag-fortaleza","tag-infectado","tag-marinha","tag-mercante","tag-navio","tag-pernambuco","tag-resgate","tag-suspeita","tag-tripulante"],"_links":{"self":[{"href":"https:\/\/www.sincomam.org.br\/index.php\/wp-json\/wp\/v2\/posts\/30740","targetHints":{"allow":["GET"]}}],"collection":[{"href":"https:\/\/www.sincomam.org.br\/index.php\/wp-json\/wp\/v2\/posts"}],"about":[{"href":"https:\/\/www.sincomam.org.br\/index.php\/wp-json\/wp\/v2\/types\/post"}],"author":[{"embeddable":true,"href":"https:\/\/www.sincomam.org.br\/index.php\/wp-json\/wp\/v2\/users\/1182"}],"replies":[{"embeddable":true,"href":"https:\/\/www.sincomam.org.br\/index.php\/wp-json\/wp\/v2\/comments?post=30740"}],"version-history":[{"count":1,"href":"https:\/\/www.sincomam.org.br\/index.php\/wp-json\/wp\/v2\/posts\/30740\/revisions"}],"predecessor-version":[{"id":30742,"href":"https:\/\/www.sincomam.org.br\/index.php\/wp-json\/wp\/v2\/posts\/30740\/revisions\/30742"}],"wp:featuredmedia":[{"embeddable":true,"href":"https:\/\/www.sincomam.org.br\/index.php\/wp-json\/wp\/v2\/media\/30741"}],"wp:attachment":[{"href":"https:\/\/www.sincomam.org.br\/index.php\/wp-json\/wp\/v2\/media?parent=30740"}],"wp:term":[{"taxonomy":"category","embeddable":true,"href":"https:\/\/www.sincomam.org.br\/index.php\/wp-json\/wp\/v2\/categories?post=30740"},{"taxonomy":"post_tag","embeddable":true,"href":"https:\/\/www.sincomam.org.br\/index.php\/wp-json\/wp\/v2\/tags?post=30740"}],"curies":[{"name":"wp","href":"https:\/\/api.w.org\/{rel}","templated":true}]}}