{"id":30728,"date":"2020-07-27T12:44:00","date_gmt":"2020-07-27T15:44:00","guid":{"rendered":"http:\/\/www.sincomam.org.br\/?p=30728"},"modified":"2020-07-27T12:44:00","modified_gmt":"2020-07-27T15:44:00","slug":"capitania-dos-portos-de-macae-realiza-cerimonia-de-transmissao-de-cargo","status":"publish","type":"post","link":"https:\/\/www.sincomam.org.br\/index.php\/capitania-dos-portos-de-macae-realiza-cerimonia-de-transmissao-de-cargo\/","title":{"rendered":"Capitania dos Portos de Maca\u00e9 realiza cerim\u00f4nia de transmiss\u00e3o de cargo"},"content":{"rendered":"<p>A Marinha do Brasil informa que durante solenidade presidida pelo Comandante do 1\u00ba Distrito Naval, o Capit\u00e3o de Fragata Luis Olavo Athayde Z\u00fa\u00f1iga assumiu o cargo de Capit\u00e3o dos Portos de Maca\u00e9, substituindo o Capit\u00e3o de Fragata Walter Cruz J\u00fanior.<\/p>\n<p>No seu discurso de posse, o novo Capit\u00e3o dos Portos exaltou como se sentiu honrado pela demonstra\u00e7\u00e3o de confian\u00e7a expressa pelo Comandante da Marinha ao nome\u00e1-lo para o cargo. Declarou, tamb\u00e9m, ter ci\u00eancia da grande responsabilidade que \u00e9 comandar uma regi\u00e3o t\u00e3o importante e de m\u00faltiplos desafios.<\/p>\n<p><em>\u201cNos pr\u00f3ximos dois anos, como Agente da Autoridade Mar\u00edtima Brasileira em Maca\u00e9 e nos demais 17 munic\u00edpios de sua jurisdi\u00e7\u00e3o, exercer\u00e1 principalmente as seguintes atribui\u00e7\u00f5es: manter as a\u00e7\u00f5es voltadas para a salvaguarda da vida humana no mar; coordenar embarca\u00e7\u00f5es e orientar condutores, tripulantes e passageiros quanto \u00e0 seguran\u00e7a da navega\u00e7\u00e3o; dar continuidade \u00e0s a\u00e7\u00f5es de preven\u00e7\u00e3o da polui\u00e7\u00e3o h\u00eddrica, provenientes de embarca\u00e7\u00f5es; al\u00e9m de coordenar os trabalhos da Delegacia da Capitania dos Portos em Cabo Frio e a Ag\u00eancia da Capitania dos Portos em S\u00e3o Jo\u00e3o da Barra, suas Organiza\u00e7\u00f5es Militares Subordinadas\u201d, informou a Marinha em nota.<\/em><\/p>\n<p>A cerim\u00f4nia foi conduzida sem a presen\u00e7a de p\u00fablico. Na ocasi\u00e3o, foram adotados todos os procedimentos sanit\u00e1rios e medidas preventivas recomendados pelos Minist\u00e9rios da Defesa e da Sa\u00fade, bem como pela Diretoria de Sa\u00fade da Marinha.<\/p>\n<p>*Com informa\u00e7\u00f5es do Comando do 1\u00ba Distrito Naval<\/p>\n","protected":false},"excerpt":{"rendered":"<p>A Marinha do Brasil informa que durante solenidade presidida pelo Comandante do 1\u00ba Distrito Naval, o Capit\u00e3o de Fragata Luis Olavo Athayde Z\u00fa\u00f1iga assumiu o&#8230;<\/p>\n","protected":false},"author":1182,"featured_media":30729,"comment_status":"closed","ping_status":"closed","sticky":false,"template":"","format":"standard","meta":{"footnotes":""},"categories":[6],"tags":[3525,61,2881,1019,1444,1186,15,2880],"class_list":["post-30728","post","type-post","status-publish","format-standard","has-post-thumbnail","hentry","category-noticias","tag-1o-distrito-naval","tag-brasil","tag-cargo","tag-cerimonia","tag-comando","tag-macae","tag-marinha","tag-transmissao"],"_links":{"self":[{"href":"https:\/\/www.sincomam.org.br\/index.php\/wp-json\/wp\/v2\/posts\/30728","targetHints":{"allow":["GET"]}}],"collection":[{"href":"https:\/\/www.sincomam.org.br\/index.php\/wp-json\/wp\/v2\/posts"}],"about":[{"href":"https:\/\/www.sincomam.org.br\/index.php\/wp-json\/wp\/v2\/types\/post"}],"author":[{"embeddable":true,"href":"https:\/\/www.sincomam.org.br\/index.php\/wp-json\/wp\/v2\/users\/1182"}],"replies":[{"embeddable":true,"href":"https:\/\/www.sincomam.org.br\/index.php\/wp-json\/wp\/v2\/comments?post=30728"}],"version-history":[{"count":1,"href":"https:\/\/www.sincomam.org.br\/index.php\/wp-json\/wp\/v2\/posts\/30728\/revisions"}],"predecessor-version":[{"id":30730,"href":"https:\/\/www.sincomam.org.br\/index.php\/wp-json\/wp\/v2\/posts\/30728\/revisions\/30730"}],"wp:featuredmedia":[{"embeddable":true,"href":"https:\/\/www.sincomam.org.br\/index.php\/wp-json\/wp\/v2\/media\/30729"}],"wp:attachment":[{"href":"https:\/\/www.sincomam.org.br\/index.php\/wp-json\/wp\/v2\/media?parent=30728"}],"wp:term":[{"taxonomy":"category","embeddable":true,"href":"https:\/\/www.sincomam.org.br\/index.php\/wp-json\/wp\/v2\/categories?post=30728"},{"taxonomy":"post_tag","embeddable":true,"href":"https:\/\/www.sincomam.org.br\/index.php\/wp-json\/wp\/v2\/tags?post=30728"}],"curies":[{"name":"wp","href":"https:\/\/api.w.org\/{rel}","templated":true}]}}