{"id":30722,"date":"2020-07-27T12:04:38","date_gmt":"2020-07-27T15:04:38","guid":{"rendered":"http:\/\/www.sincomam.org.br\/?p=30722"},"modified":"2020-07-27T12:04:38","modified_gmt":"2020-07-27T15:04:38","slug":"salario-minimo-deve-subir-menos-em-2021-diz-governo","status":"publish","type":"post","link":"https:\/\/www.sincomam.org.br\/index.php\/salario-minimo-deve-subir-menos-em-2021-diz-governo\/","title":{"rendered":"Sal\u00e1rio m\u00ednimo deve subir menos em 2021, diz Governo"},"content":{"rendered":"<p><strong><em>Proje\u00e7\u00e3o era de um m\u00ednimo de R$ 1.079 para o pr\u00f3ximo ano e infla\u00e7\u00e3o de 3,28%. Com a revis\u00e3o da taxa para 2,09%, sal\u00e1rio base deve cair para R$ 1.066,84<\/em><\/strong><\/p>\n<p>A Secretaria de Pol\u00edtica Econ\u00f4mica (SPE) do Minist\u00e9rio da Economia informou que reduziu para 2,09% a estimativa de infla\u00e7\u00e3o de 2020 pelo \u00cdndice Nacional de Pre\u00e7os ao Consumidor (INPC).<\/p>\n<p>O INPC baseia a corre\u00e7\u00e3o anual do sal\u00e1rio m\u00ednimo pelo governo. Se essa redu\u00e7\u00e3o prevista pelo governo se confirmar, e n\u00e3o houver mudan\u00e7a no c\u00e1lculo, o reajuste para o sal\u00e1rio m\u00ednimo de 2021 tamb\u00e9m deve ser menor do que o estimado anteriormente.<\/p>\n<p>A Lei de Diretrizes Or\u00e7ament\u00e1rias (LDO) previu um sal\u00e1rio m\u00ednimo de R$ 1.079 em 2021, considerando uma varia\u00e7\u00e3o para o INPC de 3,28% em 2020. Hoje, o sal\u00e1rio base \u00e9 de R$ 1.045. Se a nova previs\u00e3o para o INPC de 2,09% se confirmar neste ano, a corre\u00e7\u00e3o pelo INPC elevar\u00e1 o m\u00ednimo para R$ 1.066,84 a partir de janeiro. O valor \u00e9 R$ 12,15 menor do que os R$ 1.079 estimados em abril deste ano.<\/p>\n<p>De acordo com informa\u00e7\u00f5es do Departamento Intersindical de Estat\u00edstica e Estudos Socioecon\u00f4micos (Dieese), o sal\u00e1rio m\u00ednimo serve de refer\u00eancia para 49 milh\u00f5es de trabalhadores no Brasil. O valor para o sal\u00e1rio m\u00ednimo de 2021 pode sofrer novas altera\u00e7\u00f5es no decorrer deste ano, com base nas proje\u00e7\u00f5es de infla\u00e7\u00e3o para o ano de 2020 (utilizadas como par\u00e2metro para corre\u00e7\u00e3o).<\/p>\n<p>A Constitui\u00e7\u00e3o determina que o sal\u00e1rio m\u00ednimo tem de ser corrigido, ao menos, pela varia\u00e7\u00e3o do \u00cdndice Nacional de Pre\u00e7os ao Consumidor (INPC) do ano anterior.<\/p>\n<div data-block-type=\"raw\" data-block-weight=\"3\" data-block-id=\"10\">\n<div><\/div>\n<\/div>\n<div data-block-type=\"unstyled\" data-block-weight=\"20\" data-block-id=\"12\">\n<p><strong>Sem aumento real<\/strong><\/p>\n<p>Na LDO enviada ao Congresso este ano, est\u00e1 prevista a corre\u00e7\u00e3o do sal\u00e1rio m\u00ednimo apenas pela infla\u00e7\u00e3o, com base na estimativa do INPC. Se isso for cumprido, n\u00e3o haver\u00e1 &#8220;ganho real&#8221;, ou seja, o poder de compra de quem recebe sal\u00e1rio m\u00ednimo permanecer\u00e1 inalterado.<\/p>\n<p>Esse formato j\u00e1 foi adotado neste ano, quando a \u00e1rea econ\u00f4mica concedeu reajuste somente com base na infla\u00e7\u00e3o de 2019.<\/p>\n<\/div>\n<p>Fonte: G1\/Bras\u00edlia- Alexandro Martello<\/p>\n","protected":false},"excerpt":{"rendered":"<p>Proje\u00e7\u00e3o era de um m\u00ednimo de R$ 1.079 para o pr\u00f3ximo ano e infla\u00e7\u00e3o de 3,28%. Com a revis\u00e3o da taxa para 2,09%, sal\u00e1rio base&#8230;<\/p>\n","protected":false},"author":1182,"featured_media":3450,"comment_status":"closed","ping_status":"closed","sticky":false,"template":"","format":"standard","meta":{"footnotes":""},"categories":[6],"tags":[856,192,3522,404,3523,1051,403],"class_list":["post-30722","post","type-post","status-publish","format-standard","has-post-thumbnail","hentry","category-noticias","tag-economia","tag-governo","tag-ldo","tag-minimo","tag-previsao","tag-queda","tag-salario"],"_links":{"self":[{"href":"https:\/\/www.sincomam.org.br\/index.php\/wp-json\/wp\/v2\/posts\/30722","targetHints":{"allow":["GET"]}}],"collection":[{"href":"https:\/\/www.sincomam.org.br\/index.php\/wp-json\/wp\/v2\/posts"}],"about":[{"href":"https:\/\/www.sincomam.org.br\/index.php\/wp-json\/wp\/v2\/types\/post"}],"author":[{"embeddable":true,"href":"https:\/\/www.sincomam.org.br\/index.php\/wp-json\/wp\/v2\/users\/1182"}],"replies":[{"embeddable":true,"href":"https:\/\/www.sincomam.org.br\/index.php\/wp-json\/wp\/v2\/comments?post=30722"}],"version-history":[{"count":1,"href":"https:\/\/www.sincomam.org.br\/index.php\/wp-json\/wp\/v2\/posts\/30722\/revisions"}],"predecessor-version":[{"id":30723,"href":"https:\/\/www.sincomam.org.br\/index.php\/wp-json\/wp\/v2\/posts\/30722\/revisions\/30723"}],"wp:featuredmedia":[{"embeddable":true,"href":"https:\/\/www.sincomam.org.br\/index.php\/wp-json\/wp\/v2\/media\/3450"}],"wp:attachment":[{"href":"https:\/\/www.sincomam.org.br\/index.php\/wp-json\/wp\/v2\/media?parent=30722"}],"wp:term":[{"taxonomy":"category","embeddable":true,"href":"https:\/\/www.sincomam.org.br\/index.php\/wp-json\/wp\/v2\/categories?post=30722"},{"taxonomy":"post_tag","embeddable":true,"href":"https:\/\/www.sincomam.org.br\/index.php\/wp-json\/wp\/v2\/tags?post=30722"}],"curies":[{"name":"wp","href":"https:\/\/api.w.org\/{rel}","templated":true}]}}