{"id":30694,"date":"2020-07-24T12:28:13","date_gmt":"2020-07-24T15:28:13","guid":{"rendered":"http:\/\/www.sincomam.org.br\/?p=30694"},"modified":"2020-07-24T12:32:57","modified_gmt":"2020-07-24T15:32:57","slug":"petrobras-elege-almirante-leal-ferreira-presidente-do-conselho-de-administracao","status":"publish","type":"post","link":"https:\/\/www.sincomam.org.br\/index.php\/petrobras-elege-almirante-leal-ferreira-presidente-do-conselho-de-administracao\/","title":{"rendered":"Petrobr\u00e1s elege Almirante Leal Ferreira presidente do Conselho de Administra\u00e7\u00e3o"},"content":{"rendered":"<p><strong><em>Candidato foi indicado pela Uni\u00e3o, que \u00e9 o acionista controlador da companhia; tamb\u00e9m foram escolhidos os demais membros do colegiado e do conselho fiscal<\/em><\/strong><\/p>\n<p>A Petrobr\u00e1s elegeu em Assembleia-Geral Ordin\u00e1ria realizada nesta quarta-feira (22), o almirante Eduardo Bacellar Leal Ferreira presidente do Conselho de Administra\u00e7\u00e3o. O candidato foi indicado pelo acionista controlador, a Uni\u00e3o<strong><em>.<\/em><\/strong><\/p>\n<p>Tamb\u00e9m foram eleitos outros dez membros do conselho. Entre os eleitos pelo sistema de voto m\u00faltiplo, al\u00e9m de Leal Ferreira, est\u00e3o o presidente da companhia, Roberto Castello Branco, Jo\u00e3o Cox, Nivio Ziviani, Omar Carneiro da Cunha Sobrinho, Paulo Cesar de Souza e Silva, Ruy Flaks Schneider e Leonardo Pietro Antonelli.<\/p>\n<p>Como representante dos minorit\u00e1rios foi eleito Marcelo Mesquita de Siqueira Filho. Os acionistas detentores de a\u00e7\u00f5es preferenciais elegeram Rodrigo de Mesquita Pereira. A eleita para representar os empregados da Petrobr\u00e1s no conselho foi Ros\u00e2ngela Buzanelli Torres.<\/p>\n<p>Foi votada na assembleia a composi\u00e7\u00e3o do conselho fiscal, em que a Uni\u00e3o indicou Agnes Maria de Arag\u00e3o da Costa para titular e o suplente Jairez El\u00f3i de Sousa; S\u00e9rgio Henrique Lopes de Sousa (titular) e Alan Sampaio Santos (suplente), Jos\u00e9 Franco Medeiros de Morais (titular) e Gildenora Batista Dantas Milhomem (suplente).<\/p>\n<p>Para o conselho fiscal, os acionistas minorit\u00e1rios elegeram Marcelo Gasparino (titular) e Paulo Roberto Evangelista de Lima (suplente), enquanto os acionistas de a\u00e7\u00f5es PN elegeram Daniel Alves Ferreira (titular) e Fabr\u00edcio Santos Debortoli (suplente).<\/p>\n<p>Fonte: Terra &#8211; Fabiana Holtz e Luana Pavani<\/p>\n<p>Foto: Arquivo\/SINCOMAM -Almirante-de-Esquadra Eduardo Barcellar Leal Ferreira<\/p>\n","protected":false},"excerpt":{"rendered":"<p>Candidato foi indicado pela Uni\u00e3o, que \u00e9 o acionista controlador da companhia; tamb\u00e9m foram escolhidos os demais membros do colegiado e do conselho fiscal A&#8230;<\/p>\n","protected":false},"author":1182,"featured_media":12325,"comment_status":"closed","ping_status":"closed","sticky":false,"template":"","format":"standard","meta":{"footnotes":""},"categories":[6],"tags":[],"class_list":["post-30694","post","type-post","status-publish","format-standard","has-post-thumbnail","hentry","category-noticias"],"_links":{"self":[{"href":"https:\/\/www.sincomam.org.br\/index.php\/wp-json\/wp\/v2\/posts\/30694","targetHints":{"allow":["GET"]}}],"collection":[{"href":"https:\/\/www.sincomam.org.br\/index.php\/wp-json\/wp\/v2\/posts"}],"about":[{"href":"https:\/\/www.sincomam.org.br\/index.php\/wp-json\/wp\/v2\/types\/post"}],"author":[{"embeddable":true,"href":"https:\/\/www.sincomam.org.br\/index.php\/wp-json\/wp\/v2\/users\/1182"}],"replies":[{"embeddable":true,"href":"https:\/\/www.sincomam.org.br\/index.php\/wp-json\/wp\/v2\/comments?post=30694"}],"version-history":[{"count":2,"href":"https:\/\/www.sincomam.org.br\/index.php\/wp-json\/wp\/v2\/posts\/30694\/revisions"}],"predecessor-version":[{"id":30698,"href":"https:\/\/www.sincomam.org.br\/index.php\/wp-json\/wp\/v2\/posts\/30694\/revisions\/30698"}],"wp:featuredmedia":[{"embeddable":true,"href":"https:\/\/www.sincomam.org.br\/index.php\/wp-json\/wp\/v2\/media\/12325"}],"wp:attachment":[{"href":"https:\/\/www.sincomam.org.br\/index.php\/wp-json\/wp\/v2\/media?parent=30694"}],"wp:term":[{"taxonomy":"category","embeddable":true,"href":"https:\/\/www.sincomam.org.br\/index.php\/wp-json\/wp\/v2\/categories?post=30694"},{"taxonomy":"post_tag","embeddable":true,"href":"https:\/\/www.sincomam.org.br\/index.php\/wp-json\/wp\/v2\/tags?post=30694"}],"curies":[{"name":"wp","href":"https:\/\/api.w.org\/{rel}","templated":true}]}}