{"id":30669,"date":"2020-07-23T10:28:43","date_gmt":"2020-07-23T13:28:43","guid":{"rendered":"http:\/\/www.sincomam.org.br\/?p=30669"},"modified":"2020-07-23T14:29:56","modified_gmt":"2020-07-23T17:29:56","slug":"pessoas-comecarao-a-receber-vacina-da-covid-19-apenas-em-2021-diz-oms","status":"publish","type":"post","link":"https:\/\/www.sincomam.org.br\/index.php\/pessoas-comecarao-a-receber-vacina-da-covid-19-apenas-em-2021-diz-oms\/","title":{"rendered":"Pessoas come\u00e7ar\u00e3o a receber vacina da covid-19 apenas em 2021, diz OMS"},"content":{"rendered":"<p><strong><em>Vacina de Oxford \u00e9 uma das mais promissoras para combater o novo coronav\u00edrus, diz estudo<\/em><\/strong><\/p>\n<p>O Diretor-executivo da OMS (Organiza\u00e7\u00e3o Mundial de Sa\u00fade), Michael Ryan mostrou otimismo com os resultados preliminares das candidatas a vacinas para covid-19, mas tamb\u00e9m pediu realismo na expectativa sobre prazos e taxa de efic\u00e1cia. Ele tamb\u00e9m insistiu na necessidade de que se mantenham e reforcem as medidas comprovadas para conter a dissemina\u00e7\u00e3o do v\u00edrus.<\/p>\n<p><em>&#8220;Sendo otimista, estamos acelerando o m\u00e1ximo poss\u00edvel, mas temos de garantir seguran\u00e7a, tomar toda precau\u00e7\u00e3o para ter resultado seguro. Mas, sendo realista, ser\u00e1 na primeira parte do pr\u00f3ximo ano at\u00e9 que comecemos a ver pessoas sendo vacinadas&#8221;, previu ele durante sess\u00e3o de perguntas e respostas, ao lado da l\u00edder da resposta, ao lado da l\u00edder da resposta da OMS \u00e0 pandemia, Maria Van Kerkhove.<\/em><\/p>\n<p>Ryan disse que h\u00e1 not\u00edcias positivas na busca pelas vacinas, como o fato de que as candidatas que at\u00e9 agora chegaram \u00e0 fase 1 dos testes foram aprovadas, mostrando que s\u00e3o seguras. Ele tamb\u00e9m elogiou o fato de que pessoas t\u00eam se candidatado para os testes. O diretor executivo da OMS lembrou que \u00e9 preciso ter uma vacina segura e eficaz, mas tamb\u00e9m garantir escala na produ\u00e7\u00e3o e distribui\u00e7\u00e3o. &#8220;Precisamos garantir justi\u00e7a&#8221; na distribui\u00e7\u00e3o delas, ressaltou.<\/p>\n<p><strong>Vacina de Oxford<\/strong><\/p>\n<p>A vacina desenvolvida pela Universidade de Oxford, no Reino Unido, em parceria com a farmac\u00eautica AstraZeneca, \u00e9 segura e capaz de desenvolver anticorpos contra o novo coronav\u00edrus. \u00c9 o que mostram os primeiros resultados do ensaio envolvendo cerca de 1.077 pessoas divulgados nesta segunda-feira (20), na renomada revista <em>The Lancet.<\/em><\/p>\n<p>De acordo com os dados, as pessoas que receberam a imuniza\u00e7\u00e3o \u2014entre 23 de abril e 21 de maio, no Reino Unido\u2014 produziram anticorpos e gl\u00f3bulos brancos para combater o v\u00edrus. A vacina n\u00e3o apresentou nenhum efeito colateral grave e provocou respostas imunes com anticorpos e c\u00e9lulas T.<\/p>\n<p>A vacina \u00e9 uma das mais promissoras para combater o novo coronav\u00edrus e est\u00e1 na terceira e \u00faltima fase de estudos cl\u00ednicos, quando \u00e9 avaliada sua efic\u00e1cia para imunizar seres humanos. Essa etapa acontece simultaneamente no Reino Unido, no Brasil e na \u00c1frica do Sul \u2014a vacina est\u00e1 sendo testada em 50 mil pessoas, incluindo 5.000 brasileiros (duas mil em S\u00e3o Paulo, duas mil na Bahia e mil no Rio de Janeiro).<\/p>\n<p><strong>Efeitos colaterais <\/strong><\/p>\n<p>O estudo aponta que o grupo que recebeu a vacina apresentou algumas rea\u00e7\u00f5es locais e sist\u00eamicas, como fadiga, dor muscular, febre e dor de cabe\u00e7a \u2014muitas das quais reduzidas pelo uso de paracetamol\u2014, mas n\u00e3o foi registrado nenhum &#8220;evento colateral s\u00e9rio&#8221;. Fadiga e dor de cabe\u00e7a, respectivamente, apareceram em 71% e 68% dos volunt\u00e1rios que receberam a vacina sem paracetamol, sendo os efeitos colaterais mais comuns.<\/p>\n<p>Fonte: UOl<\/p>\n<p><strong>Leia tamb\u00e9m: <a href=\"https:\/\/www.sincomam.org.br\/index.php\/vacina-chinesa-contra-o-coronavirus-chega-a-sp-e-testes-com-voluntarios-sao-iniciados\/\" target=\"_blank\" rel=\"noopener noreferrer\">S\u00e3o Paulo inicia testes da CovonaVac, vacina contra o coronav\u00edrus<\/a><\/strong><\/p>\n","protected":false},"excerpt":{"rendered":"<p>Vacina de Oxford \u00e9 uma das mais promissoras para combater o novo coronav\u00edrus, diz estudo O Diretor-executivo da OMS (Organiza\u00e7\u00e3o Mundial de Sa\u00fade), Michael Ryan&#8230;<\/p>\n","protected":false},"author":1182,"featured_media":30124,"comment_status":"closed","ping_status":"closed","sticky":false,"template":"","format":"standard","meta":{"footnotes":""},"categories":[6],"tags":[3487,3489,61,3490,2752,2751,3491,3488,1042,266,3182,1460,1005,1794,3260,966,59,366,2783,674],"class_list":["post-30669","post","type-post","status-publish","format-standard","has-post-thumbnail","hentry","category-noticias","tag-3487","tag-anticorpos","tag-brasil","tag-coronavc","tag-coronavirus","tag-covid-19","tag-efeitos-colateral","tag-eficacia","tag-estudo","tag-eua","tag-imunizacao","tag-infectados","tag-mortes","tag-oms","tag-oxford","tag-pessoas","tag-rio-de-janeiro","tag-sao-paulo","tag-testes","tag-vacina"],"_links":{"self":[{"href":"https:\/\/www.sincomam.org.br\/index.php\/wp-json\/wp\/v2\/posts\/30669","targetHints":{"allow":["GET"]}}],"collection":[{"href":"https:\/\/www.sincomam.org.br\/index.php\/wp-json\/wp\/v2\/posts"}],"about":[{"href":"https:\/\/www.sincomam.org.br\/index.php\/wp-json\/wp\/v2\/types\/post"}],"author":[{"embeddable":true,"href":"https:\/\/www.sincomam.org.br\/index.php\/wp-json\/wp\/v2\/users\/1182"}],"replies":[{"embeddable":true,"href":"https:\/\/www.sincomam.org.br\/index.php\/wp-json\/wp\/v2\/comments?post=30669"}],"version-history":[{"count":1,"href":"https:\/\/www.sincomam.org.br\/index.php\/wp-json\/wp\/v2\/posts\/30669\/revisions"}],"predecessor-version":[{"id":30670,"href":"https:\/\/www.sincomam.org.br\/index.php\/wp-json\/wp\/v2\/posts\/30669\/revisions\/30670"}],"wp:featuredmedia":[{"embeddable":true,"href":"https:\/\/www.sincomam.org.br\/index.php\/wp-json\/wp\/v2\/media\/30124"}],"wp:attachment":[{"href":"https:\/\/www.sincomam.org.br\/index.php\/wp-json\/wp\/v2\/media?parent=30669"}],"wp:term":[{"taxonomy":"category","embeddable":true,"href":"https:\/\/www.sincomam.org.br\/index.php\/wp-json\/wp\/v2\/categories?post=30669"},{"taxonomy":"post_tag","embeddable":true,"href":"https:\/\/www.sincomam.org.br\/index.php\/wp-json\/wp\/v2\/tags?post=30669"}],"curies":[{"name":"wp","href":"https:\/\/api.w.org\/{rel}","templated":true}]}}