{"id":30663,"date":"2020-07-23T10:32:24","date_gmt":"2020-07-23T13:32:24","guid":{"rendered":"http:\/\/www.sincomam.org.br\/?p=30663"},"modified":"2020-07-23T14:12:54","modified_gmt":"2020-07-23T17:12:54","slug":"bolsonaro-testa-positivo-para-covid-19-pela-terceira-vez","status":"publish","type":"post","link":"https:\/\/www.sincomam.org.br\/index.php\/bolsonaro-testa-positivo-para-covid-19-pela-terceira-vez\/","title":{"rendered":"Bolsonaro testa positivo para Covid-19 pela terceira vez"},"content":{"rendered":"<p><strong><em>Presidente diz que sentiu sintomas como \u201cmal-estar, cansa\u00e7o, dor muscular e febre alta<\/em><\/strong><\/p>\n<p>O presidente Jair Bolsonaro continua infectado pelo coronav\u00edrus e permanecer\u00e1 em isolamento no Pal\u00e1cio da Alvorada, resid\u00eancia oficial do chefe do Executivo. O resultado do teste foi confirmado nesta quarta-feira (22). Recluso h\u00e1 praticamente 14 dias, o mandat\u00e1rio alimentava expectativa de estar curado e retornar \u00e0s fun\u00e7\u00f5es sem restri\u00e7\u00f5es m\u00e9dicas ainda nesta semana.<\/p>\n<p>&#8220;O presidente Jair Bolsonaro segue em boa evolu\u00e7\u00e3o de sa\u00fade, sendo acompanhado pela equipe m\u00e9dica da Presid\u00eancia da Rep\u00fablica. O teste realizado pelo presidente no dia de ontem, 21, apresentou resultado positivo&#8221;, informa nota emitida pela Secretaria de Comunica\u00e7\u00e3o do governo.<\/p>\n<p>Este \u00e9 o terceiro teste de covid-19 feito pelo presidente que d\u00e1 positivo. O primeiro resultado foi revelado em 7 de julho, quando ele descobriu a doen\u00e7a. Posteriormente, em 15 de julho, Bolsonaro se submeteu a novo exame, e o laudo mostrou que ele ainda n\u00e3o estava curado.<\/p>\n<p>Durante o isolamento no Pal\u00e1cio da Alvorada, Bolsonaro publicou v\u00eddeos nos quais ingere comprimidos da cloroquina\/hidroxicloroquina, que defende o uso da subst\u00e2ncia no combate \u00e0 covid-19. Desde que foi obrigado a se afastar do Planalto, o chefe do Executivo tem cumprido agendas por videoconfer\u00eancia.<\/p>\n<p><strong>Coronav\u00edrus no Brasil<\/strong><\/p>\n<p>Os \u00faltimos dados divulgados pelo Minist\u00e9rio da Sa\u00fade apresentam 2.227.514 infectados pela covid-19 e o total de \u00f3bitos chegou a 82.771. Ainda segundo o boletim, 1.532.138 pacientes est\u00e3o curados. Mais de 612 mil pacientes seguem em acompanhamento m\u00e9dico. A taxa de letalidade ficou em 3,7%. No mundo, j\u00e1 s\u00e3o 15.250.804 casos confirmados e 623.897 mortes por Covid-19.<\/p>\n<p>Foto: Clauber Cleber Caetano\/PR &#8211; Presidente da Rep\u00fablica Jair Bolsonaro, durante videoconfer\u00eancia de reuni\u00e3o com o Ministro de Estado da Defesa Fernando Azevedo e Silva.<\/p>\n<p><strong>Leia tamb\u00e9m:<\/strong> <a href=\"https:\/\/www.sincomam.org.br\/index.php\/bolsonaro-detalha-acoes-do-governo-federal-de-enfrentamento-ao-coronavirus\/\" target=\"_blank\" rel=\"noopener noreferrer\"><strong>Bolsonaro detalha a\u00e7\u00f5es do Governo Federal para combater o coronav\u00edrus<\/strong><\/a><\/p>\n","protected":false},"excerpt":{"rendered":"<p>Presidente diz que sentiu sintomas como \u201cmal-estar, cansa\u00e7o, dor muscular e febre alta O presidente Jair Bolsonaro continua infectado pelo coronav\u00edrus e permanecer\u00e1 em isolamento&#8230;<\/p>\n","protected":false},"author":1182,"featured_media":30664,"comment_status":"closed","ping_status":"closed","sticky":false,"template":"","format":"standard","meta":{"footnotes":""},"categories":[6],"tags":[3485,61,2752,2751,2835,3484,2838,314,2946,3486],"class_list":["post-30663","post","type-post","status-publish","format-standard","has-post-thumbnail","hentry","category-noticias","tag-alvorada","tag-brasil","tag-coronavirus","tag-covid-19","tag-jair-bolsonaro","tag-palacio","tag-positivo","tag-presidente","tag-terceira","tag-videocoferencia"],"_links":{"self":[{"href":"https:\/\/www.sincomam.org.br\/index.php\/wp-json\/wp\/v2\/posts\/30663","targetHints":{"allow":["GET"]}}],"collection":[{"href":"https:\/\/www.sincomam.org.br\/index.php\/wp-json\/wp\/v2\/posts"}],"about":[{"href":"https:\/\/www.sincomam.org.br\/index.php\/wp-json\/wp\/v2\/types\/post"}],"author":[{"embeddable":true,"href":"https:\/\/www.sincomam.org.br\/index.php\/wp-json\/wp\/v2\/users\/1182"}],"replies":[{"embeddable":true,"href":"https:\/\/www.sincomam.org.br\/index.php\/wp-json\/wp\/v2\/comments?post=30663"}],"version-history":[{"count":3,"href":"https:\/\/www.sincomam.org.br\/index.php\/wp-json\/wp\/v2\/posts\/30663\/revisions"}],"predecessor-version":[{"id":30668,"href":"https:\/\/www.sincomam.org.br\/index.php\/wp-json\/wp\/v2\/posts\/30663\/revisions\/30668"}],"wp:featuredmedia":[{"embeddable":true,"href":"https:\/\/www.sincomam.org.br\/index.php\/wp-json\/wp\/v2\/media\/30664"}],"wp:attachment":[{"href":"https:\/\/www.sincomam.org.br\/index.php\/wp-json\/wp\/v2\/media?parent=30663"}],"wp:term":[{"taxonomy":"category","embeddable":true,"href":"https:\/\/www.sincomam.org.br\/index.php\/wp-json\/wp\/v2\/categories?post=30663"},{"taxonomy":"post_tag","embeddable":true,"href":"https:\/\/www.sincomam.org.br\/index.php\/wp-json\/wp\/v2\/tags?post=30663"}],"curies":[{"name":"wp","href":"https:\/\/api.w.org\/{rel}","templated":true}]}}