{"id":30656,"date":"2020-07-23T12:48:33","date_gmt":"2020-07-23T15:48:33","guid":{"rendered":"http:\/\/www.sincomam.org.br\/?p=30656"},"modified":"2020-07-23T12:48:33","modified_gmt":"2020-07-23T15:48:33","slug":"cerimonia-aos-mortos-da-marinha-em-guerra-e-realizada-no-rio-de-janeiro","status":"publish","type":"post","link":"https:\/\/www.sincomam.org.br\/index.php\/cerimonia-aos-mortos-da-marinha-em-guerra-e-realizada-no-rio-de-janeiro\/","title":{"rendered":"Cerim\u00f4nia aos Mortos da Marinha em Guerra \u00e9 realizada no Rio de Janeiro"},"content":{"rendered":"<p><strong><em>Autoridades prestam contin\u00eancia em homenagem aos marinheiros que pereceram ao defender a P\u00e1tria<\/em><\/strong><\/p>\n<p>A Marinha do Brasil (MB) informou que foi realizada, em 21 de julho, a Cerim\u00f4nia em Mem\u00f3ria aos Mortos da Marinha em Guerra, no Monumento Nacional aos Mortos da Segunda Guerra Mundial, no Rio de Janeiro. De acordo com a Marinha, a solenidade contou com uma mensagem, em v\u00eddeo, do Presidente do Centro de Capit\u00e3es da Marinha Mercante, Capit\u00e3o de Longo Curso Alvaro Jos\u00e9 de Almeida Junior, com a leitura da Ordem do Dia pelo Comandante da Marinha, Almirante de Esquadra Ilques Barbosa Junior, e com uma ora\u00e7\u00e3o solene proferida pelo Capel\u00e3o-Chefe da Marinha, Capit\u00e3o de Mar e Guerra (CN) Od\u00e9cio Lima de Souza.<\/p>\n<p>Na ocasi\u00e3o, tamb\u00e9m foi realizada aposi\u00e7\u00e3o floral em mem\u00f3ria dos militares e civis que pereceram no mar. Simultaneamente, tripulantes do Aviso de Patrulha (AviPa) \u201cAlbacora\u201d, fundeado nas proximidades do Monumento, lan\u00e7aram p\u00e9talas ao mar.<\/p>\n<p>Ainda como parte da homenagem, o destacamento de Honras F\u00fanebres do Grupamento de Fuzileiros Navais do Rio de Janeiro realizou disparo de tr\u00eas descargas de fuzilaria, seguidas da execu\u00e7\u00e3o da Marcha F\u00fanebre e do Toque de Sil\u00eancio. Foram tamb\u00e9m executadas as can\u00e7\u00f5es da Divis\u00e3o Naval em Opera\u00e7\u00f5es de Guerra (DNOG) e dos Combatentes da Segunda Guerra Mundial.<\/p>\n<p>A cerim\u00f4nia foi presidida pelo Comandante da Marinha e realizada em formato reduzido, devido \u00e0 pandemia do novo coronav\u00edrus, contando com a presen\u00e7a do Comandante de Opera\u00e7\u00f5es Navais, Almirante de Esquadra Alipio Jorge Rodrigues da Silva, do Comandante do 1\u00ba Distrito Naval, Vice-Almirante Arthur Fernando Bettega Corr\u00eaa, e do Diretor T\u00e9cnico do Centro de Capit\u00e3es da Marinha Mercante, Capit\u00e3o de Longo Curso Joselito Guerra de Andrade C\u00e2mara.<\/p>\n<p>A data prestou sentimentos ao afundamento da Corveta \u201cCamaqu\u00e3\u201d, que vitimou 33 homens em meio \u00e0 Batalha do Atl\u00e2ntico, na Segunda Guerra Mundial.<\/p>\n<p>*Com informa\u00e7\u00f5es da Marinha \u2013 Foto: divulga\u00e7\u00e3o Marinha<\/p>\n","protected":false},"excerpt":{"rendered":"<p>Autoridades prestam contin\u00eancia em homenagem aos marinheiros que pereceram ao defender a P\u00e1tria A Marinha do Brasil (MB) informou que foi realizada, em 21 de&#8230;<\/p>\n","protected":false},"author":1182,"featured_media":30657,"comment_status":"closed","ping_status":"closed","sticky":false,"template":"","format":"standard","meta":{"footnotes":""},"categories":[6],"tags":[61,1019,2752,1447,193,15,623,3480,59,2775],"class_list":["post-30656","post","type-post","status-publish","format-standard","has-post-thumbnail","hentry","category-noticias","tag-brasil","tag-cerimonia","tag-coronavirus","tag-guerra","tag-homenagem","tag-marinha","tag-mortos","tag-realizacao","tag-rio-de-janeiro","tag-video"],"_links":{"self":[{"href":"https:\/\/www.sincomam.org.br\/index.php\/wp-json\/wp\/v2\/posts\/30656","targetHints":{"allow":["GET"]}}],"collection":[{"href":"https:\/\/www.sincomam.org.br\/index.php\/wp-json\/wp\/v2\/posts"}],"about":[{"href":"https:\/\/www.sincomam.org.br\/index.php\/wp-json\/wp\/v2\/types\/post"}],"author":[{"embeddable":true,"href":"https:\/\/www.sincomam.org.br\/index.php\/wp-json\/wp\/v2\/users\/1182"}],"replies":[{"embeddable":true,"href":"https:\/\/www.sincomam.org.br\/index.php\/wp-json\/wp\/v2\/comments?post=30656"}],"version-history":[{"count":1,"href":"https:\/\/www.sincomam.org.br\/index.php\/wp-json\/wp\/v2\/posts\/30656\/revisions"}],"predecessor-version":[{"id":30658,"href":"https:\/\/www.sincomam.org.br\/index.php\/wp-json\/wp\/v2\/posts\/30656\/revisions\/30658"}],"wp:featuredmedia":[{"embeddable":true,"href":"https:\/\/www.sincomam.org.br\/index.php\/wp-json\/wp\/v2\/media\/30657"}],"wp:attachment":[{"href":"https:\/\/www.sincomam.org.br\/index.php\/wp-json\/wp\/v2\/media?parent=30656"}],"wp:term":[{"taxonomy":"category","embeddable":true,"href":"https:\/\/www.sincomam.org.br\/index.php\/wp-json\/wp\/v2\/categories?post=30656"},{"taxonomy":"post_tag","embeddable":true,"href":"https:\/\/www.sincomam.org.br\/index.php\/wp-json\/wp\/v2\/tags?post=30656"}],"curies":[{"name":"wp","href":"https:\/\/api.w.org\/{rel}","templated":true}]}}