{"id":30640,"date":"2020-07-22T12:04:41","date_gmt":"2020-07-22T15:04:41","guid":{"rendered":"http:\/\/www.sincomam.org.br\/?p=30640"},"modified":"2020-07-22T12:04:41","modified_gmt":"2020-07-22T15:04:41","slug":"apos-408-testarem-positivo-para-covid-19-justica-do-trabalho-determina-afastamento-de-todos-os-funcionarios-da-jbs-tres-passos","status":"publish","type":"post","link":"https:\/\/www.sincomam.org.br\/index.php\/apos-408-testarem-positivo-para-covid-19-justica-do-trabalho-determina-afastamento-de-todos-os-funcionarios-da-jbs-tres-passos\/","title":{"rendered":"Ap\u00f3s 408 testarem positivo para Covid-19, Justi\u00e7a do Trabalho determina afastamento de todos os funcion\u00e1rios da JBS Tr\u00eas Passos"},"content":{"rendered":"<p><strong><em>Decis\u00e3o judicial ainda determinou apura\u00e7\u00e3o do crime de desobedi\u00eancia a decis\u00f5es anteriores. Segundo Minist\u00e9rio P\u00fablico do Trabalho, os 989 funcion\u00e1rios ficar\u00e3o afastados por um per\u00edodo m\u00ednimo de 14 dias<\/em><\/strong><\/p>\n<p>Uma decis\u00e3o judicial determinou o afastamento de todos os 989 funcion\u00e1rios da JBS Tr\u00eas Passos, no Noroeste do RS, por um per\u00edodo m\u00ednimo de 14 dias. A empresa tamb\u00e9m ter\u00e1 que testar os trabalhadores a partir do d\u00e9cimo dia de afastamento. A determina\u00e7\u00e3o, assinada pelo desembargador do Tribunal Federal do Trabalho da 4\u00aa Regi\u00e3o Marcelo Jos\u00e9 Ferlin D\u2019Ambroso, foi publicada na \u00faltima quinta-feira (16).<\/p>\n<p>A JBS informou, em nota, que n\u00e3o comenta processos em andamento, e que segue medidas de seguran\u00e7a. Leia na \u00edntegra abaixo.<\/p>\n<p>Segundo o Minist\u00e9rio P\u00fablico do Trabalho, autor do pedido, 408 pessoas testaram positivo para a doen\u00e7a, cerca de 41% dos funcion\u00e1rios. Um deles, de 48 anos, faleceu. A medida tem efeito imediato, ap\u00f3s a notifica\u00e7\u00e3o da empresa.<\/p>\n<p>Na mesma decis\u00e3o, o desembargador determinou ainda que a Pol\u00edcia Federal apure o crime de desobedi\u00eancia, j\u00e1 que a empresa n\u00e3o teria cumprido determina\u00e7\u00f5es de testagem anteriores, conforme apontou o Minist\u00e9rio P\u00fablico.<\/p>\n<p>Conforme o MPT, houve verifica\u00e7\u00e3o de descumprimento de distanciamento entre trabalhadores e submiss\u00e3o dos trabalhadores a testagem pela empresa, o que levou a um novo pedido para testagem de trabalhadores, em raz\u00e3o de um aumento significativo de casos verificado na empresa, testados pelo sistema p\u00fablico de sa\u00fade<\/p>\n<p>No fim de junho, outra decis\u00e3o judicial j\u00e1 havia determinado a testagem de todos os funcion\u00e1rios.<\/p>\n<p>\u201cEstudos cient\u00edficos t\u00eam sido divulgados em toda a m\u00eddia de que o interior do Estado est\u00e1 sofrendo aumento da taxa de cont\u00e1gio por focos de contamina\u00e7\u00e3o nos frigor\u00edficos\u201d, ressalta o magistrado, na senten\u00e7a.<\/p>\n<p>Conforme dados divulgados pelo MPT nesta semana, mais de 6 mil trabalhadores de frigor\u00edficos no estado foram contaminados, n\u00famero que cresceu 40% em pouco mais de um m\u00eas.<\/p>\n<p>E no in\u00edcio de julho, a China anunciou a suspens\u00e3o de importa\u00e7\u00e3o de carne produzida na unidade.<\/p>\n<p>Tr\u00eas Passos tem 577 casos confirmados e seis \u00f3bitos, conforme boletim da Secretaria Estadual de Sa\u00fade. Em todo o estado, s\u00e3o mais de 45 mil infectados e 1,1 mil mortes.<\/p>\n<p><strong>Nota da JBS<\/strong><\/p>\n<p><em>A JBS n\u00e3o comenta processos em andamento. A Companhia refor\u00e7a que n\u00e3o tem medido esfor\u00e7os para a garantia do abastecimento e da produ\u00e7\u00e3o de alimentos dentro dos mais elevados padr\u00f5es de qualidade e seguran\u00e7a al\u00e9m da m\u00e1xima prote\u00e7\u00e3o dos seus colaboradores. A empresa implementou um robusto protocolo com medidas eficazes para o controle, preven\u00e7\u00e3o e seguran\u00e7a dos colaboradores em suas unidades. O protocolo adotado pela JBS est\u00e1 em conformidade com a Portaria interministerial nr. 19, de 18 de junho de 2020 (Minist\u00e9rios da Sa\u00fade, Agricultura e Economia) e segue as orienta\u00e7\u00f5es de m\u00e9dicos infectologistas especializados, como Dr. Adauto Castelo Filho, e institui\u00e7\u00f5es de refer\u00eancia, como o Hospital Albert Einstein.\u201d<\/em><\/p>\n<p>Fonte: G1<\/p>\n","protected":false},"excerpt":{"rendered":"<p>Decis\u00e3o judicial ainda determinou apura\u00e7\u00e3o do crime de desobedi\u00eancia a decis\u00f5es anteriores. Segundo Minist\u00e9rio P\u00fablico do Trabalho, os 989 funcion\u00e1rios ficar\u00e3o afastados por um per\u00edodo&#8230;<\/p>\n","protected":false},"author":1182,"featured_media":18188,"comment_status":"closed","ping_status":"closed","sticky":false,"template":"","format":"standard","meta":{"footnotes":""},"categories":[6],"tags":[3475,2752,2751,300,107,217,1460,3214,919,3476],"class_list":["post-30640","post","type-post","status-publish","format-standard","has-post-thumbnail","hentry","category-noticias","tag-afastamento","tag-coronavirus","tag-covid-19","tag-decisao","tag-empresa","tag-funcionarios","tag-infectados","tag-jbs","tag-judicial","tag-tres-passos"],"_links":{"self":[{"href":"https:\/\/www.sincomam.org.br\/index.php\/wp-json\/wp\/v2\/posts\/30640","targetHints":{"allow":["GET"]}}],"collection":[{"href":"https:\/\/www.sincomam.org.br\/index.php\/wp-json\/wp\/v2\/posts"}],"about":[{"href":"https:\/\/www.sincomam.org.br\/index.php\/wp-json\/wp\/v2\/types\/post"}],"author":[{"embeddable":true,"href":"https:\/\/www.sincomam.org.br\/index.php\/wp-json\/wp\/v2\/users\/1182"}],"replies":[{"embeddable":true,"href":"https:\/\/www.sincomam.org.br\/index.php\/wp-json\/wp\/v2\/comments?post=30640"}],"version-history":[{"count":1,"href":"https:\/\/www.sincomam.org.br\/index.php\/wp-json\/wp\/v2\/posts\/30640\/revisions"}],"predecessor-version":[{"id":30641,"href":"https:\/\/www.sincomam.org.br\/index.php\/wp-json\/wp\/v2\/posts\/30640\/revisions\/30641"}],"wp:featuredmedia":[{"embeddable":true,"href":"https:\/\/www.sincomam.org.br\/index.php\/wp-json\/wp\/v2\/media\/18188"}],"wp:attachment":[{"href":"https:\/\/www.sincomam.org.br\/index.php\/wp-json\/wp\/v2\/media?parent=30640"}],"wp:term":[{"taxonomy":"category","embeddable":true,"href":"https:\/\/www.sincomam.org.br\/index.php\/wp-json\/wp\/v2\/categories?post=30640"},{"taxonomy":"post_tag","embeddable":true,"href":"https:\/\/www.sincomam.org.br\/index.php\/wp-json\/wp\/v2\/tags?post=30640"}],"curies":[{"name":"wp","href":"https:\/\/api.w.org\/{rel}","templated":true}]}}