{"id":30631,"date":"2020-07-22T11:29:38","date_gmt":"2020-07-22T14:29:38","guid":{"rendered":"http:\/\/www.sincomam.org.br\/?p=30631"},"modified":"2020-07-22T11:57:12","modified_gmt":"2020-07-22T14:57:12","slug":"caixa-credita-hoje-parcela-do-auxilio-emergencial","status":"publish","type":"post","link":"https:\/\/www.sincomam.org.br\/index.php\/caixa-credita-hoje-parcela-do-auxilio-emergencial\/","title":{"rendered":"Caixa credita hoje parcela do aux\u00edlio emergencial"},"content":{"rendered":"<p><strong><em>Benefici\u00e1rios entram no ciclo 1 do novo calend\u00e1rio<\/em><\/strong><\/p>\n<p>A Caixa credita hoje (22) a primeira parcela do aux\u00edlio emergencial para benefici\u00e1rios nascidos em janeiro. Os benefici\u00e1rios entram no ciclo 1 do novo calend\u00e1rio de pagamento, que passou a ser organizado em ciclos de cr\u00e9dito na poupan\u00e7a social digital e saque em esp\u00e9cie. Aqueles que v\u00e3o receber a primeira parcela do aux\u00edlio emergencial no ciclo 1 fizeram o cadastro entre 17 de junho e 2 de julho. O cr\u00e9dito e o saque s\u00e3o escalonados pelo m\u00eas de anivers\u00e1rio.<\/p>\n<p>Segundo esse calend\u00e1rio, nascidos em janeiro recebem no dia 22; em fevereiro, em 24 de julho; em mar\u00e7o, 29 de julho; em abril, 31 de julho; em maio, 5 de agosto; em junho, 7 de agosto; em julho, 12 de agosto; em agosto, 14 de agosto; em setembro, 17 de agosto; em outubro, 19 de agosto; em novembro, 21 de agosto; e em dezembro, 26 de agosto. O saque em dinheiro ser\u00e1 entre os dias 25 de julho e 17 de setembro.<\/p>\n<p><strong>Outras parcelas<\/strong><\/p>\n<p>Tamb\u00e9m recebem hoje os benefici\u00e1rios nascidos em janeiro que tenham recebido a primeira parcela em abril de 2020. Nesse caso, ser\u00e1 feito o cr\u00e9dito da quarta parcela. Os benefici\u00e1rios que tenham recebido a primeira parcela em maio de 2020 receber\u00e3o o cr\u00e9dito da terceira parcela em poupan\u00e7a social digital seguindo o mesmo cronograma. Esse cronograma tamb\u00e9m ser\u00e1 v\u00e1lido para os benefici\u00e1rios que receberam a primeira parcela em junho de 2020 ou at\u00e9 4 de julho de 2020. Nesse caso, ser\u00e1 feito o cr\u00e9dito da segunda parcela.<\/p>\n<p>Fonte: Ag\u00eancia Brasil<\/p>\n","protected":false},"excerpt":{"rendered":"<p>Benefici\u00e1rios entram no ciclo 1 do novo calend\u00e1rio A Caixa credita hoje (22) a primeira parcela do aux\u00edlio emergencial para benefici\u00e1rios nascidos em janeiro. Os&#8230;<\/p>\n","protected":false},"author":1182,"featured_media":4097,"comment_status":"closed","ping_status":"closed","sticky":false,"template":"","format":"standard","meta":{"footnotes":""},"categories":[6],"tags":[1757,390,432,204,3066],"class_list":["post-30631","post","type-post","status-publish","format-standard","has-post-thumbnail","hentry","category-noticias","tag-auxilio","tag-caixa","tag-emergencial","tag-pagamento","tag-parcelas"],"_links":{"self":[{"href":"https:\/\/www.sincomam.org.br\/index.php\/wp-json\/wp\/v2\/posts\/30631","targetHints":{"allow":["GET"]}}],"collection":[{"href":"https:\/\/www.sincomam.org.br\/index.php\/wp-json\/wp\/v2\/posts"}],"about":[{"href":"https:\/\/www.sincomam.org.br\/index.php\/wp-json\/wp\/v2\/types\/post"}],"author":[{"embeddable":true,"href":"https:\/\/www.sincomam.org.br\/index.php\/wp-json\/wp\/v2\/users\/1182"}],"replies":[{"embeddable":true,"href":"https:\/\/www.sincomam.org.br\/index.php\/wp-json\/wp\/v2\/comments?post=30631"}],"version-history":[{"count":1,"href":"https:\/\/www.sincomam.org.br\/index.php\/wp-json\/wp\/v2\/posts\/30631\/revisions"}],"predecessor-version":[{"id":30632,"href":"https:\/\/www.sincomam.org.br\/index.php\/wp-json\/wp\/v2\/posts\/30631\/revisions\/30632"}],"wp:featuredmedia":[{"embeddable":true,"href":"https:\/\/www.sincomam.org.br\/index.php\/wp-json\/wp\/v2\/media\/4097"}],"wp:attachment":[{"href":"https:\/\/www.sincomam.org.br\/index.php\/wp-json\/wp\/v2\/media?parent=30631"}],"wp:term":[{"taxonomy":"category","embeddable":true,"href":"https:\/\/www.sincomam.org.br\/index.php\/wp-json\/wp\/v2\/categories?post=30631"},{"taxonomy":"post_tag","embeddable":true,"href":"https:\/\/www.sincomam.org.br\/index.php\/wp-json\/wp\/v2\/tags?post=30631"}],"curies":[{"name":"wp","href":"https:\/\/api.w.org\/{rel}","templated":true}]}}