{"id":30628,"date":"2020-07-22T11:26:19","date_gmt":"2020-07-22T14:26:19","guid":{"rendered":"http:\/\/www.sincomam.org.br\/?p=30628"},"modified":"2020-07-22T11:26:19","modified_gmt":"2020-07-22T14:26:19","slug":"capitania-dos-portos-do-rio-de-janeiro-realiza-operacao-interagencias-com-a-guarda-municipal-do-rj","status":"publish","type":"post","link":"https:\/\/www.sincomam.org.br\/index.php\/capitania-dos-portos-do-rio-de-janeiro-realiza-operacao-interagencias-com-a-guarda-municipal-do-rj\/","title":{"rendered":"Capitania dos Portos do Rio de Janeiro realiza opera\u00e7\u00e3o interag\u00eancias com a Guarda Municipal do RJ"},"content":{"rendered":"<p><strong><em>Opera\u00e7\u00e3o interag\u00eancias entre Capitania e a Guarda Municipal do Rio de Janeiro<\/em><\/strong><\/p>\n<p>A Capitania dos Portos do Rio de Janeiro (CPRJ) divulgou a realiza\u00e7\u00e3o da opera\u00e7\u00e3o interagencial com a Guarda Municipal do Rio de Janeiro, na enseada de Botafogo e na Urca. Na ocasi\u00e3o, foram mobilizadas duas embarca\u00e7\u00f5es, com militares da CPRJ e Guardas Municipais.<\/p>\n<p>De acordo com informa\u00e7\u00f5es da Marinha, a CPRJ realizou inspe\u00e7\u00e3o naval na \u00e1rea e fiscalizou diversas embarca\u00e7\u00f5es, a fim de garantir a seguran\u00e7a da navega\u00e7\u00e3o, salvaguarda da vida humana no mar e preven\u00e7\u00e3o da polui\u00e7\u00e3o h\u00eddrica.<\/p>\n<p>Durante as abordagens, os agentes da Guarda Municipal verificaram a ocorr\u00eancia de polui\u00e7\u00e3o sonora e multaram cinco pessoas que descumpriram as orienta\u00e7\u00f5es previstas nos decretos relacionados \u00e0 pandemia da Covid-19.<\/p>\n<p>*Com informa\u00e7\u00f5es da Marinha do Brasil \/ Foto:divulga\u00e7\u00e3o Marinha<\/p>\n","protected":false},"excerpt":{"rendered":"<p>Opera\u00e7\u00e3o interag\u00eancias entre Capitania e a Guarda Municipal do Rio de Janeiro A Capitania dos Portos do Rio de Janeiro (CPRJ) divulgou a realiza\u00e7\u00e3o da&#8230;<\/p>\n","protected":false},"author":1182,"featured_media":30629,"comment_status":"closed","ping_status":"closed","sticky":false,"template":"","format":"standard","meta":{"footnotes":""},"categories":[6],"tags":[230,2751,3472,377,69,59],"class_list":["post-30628","post","type-post","status-publish","format-standard","has-post-thumbnail","hentry","category-noticias","tag-capitania","tag-covid-19","tag-guarda-minicipal","tag-operacao","tag-portos","tag-rio-de-janeiro"],"_links":{"self":[{"href":"https:\/\/www.sincomam.org.br\/index.php\/wp-json\/wp\/v2\/posts\/30628","targetHints":{"allow":["GET"]}}],"collection":[{"href":"https:\/\/www.sincomam.org.br\/index.php\/wp-json\/wp\/v2\/posts"}],"about":[{"href":"https:\/\/www.sincomam.org.br\/index.php\/wp-json\/wp\/v2\/types\/post"}],"author":[{"embeddable":true,"href":"https:\/\/www.sincomam.org.br\/index.php\/wp-json\/wp\/v2\/users\/1182"}],"replies":[{"embeddable":true,"href":"https:\/\/www.sincomam.org.br\/index.php\/wp-json\/wp\/v2\/comments?post=30628"}],"version-history":[{"count":1,"href":"https:\/\/www.sincomam.org.br\/index.php\/wp-json\/wp\/v2\/posts\/30628\/revisions"}],"predecessor-version":[{"id":30630,"href":"https:\/\/www.sincomam.org.br\/index.php\/wp-json\/wp\/v2\/posts\/30628\/revisions\/30630"}],"wp:featuredmedia":[{"embeddable":true,"href":"https:\/\/www.sincomam.org.br\/index.php\/wp-json\/wp\/v2\/media\/30629"}],"wp:attachment":[{"href":"https:\/\/www.sincomam.org.br\/index.php\/wp-json\/wp\/v2\/media?parent=30628"}],"wp:term":[{"taxonomy":"category","embeddable":true,"href":"https:\/\/www.sincomam.org.br\/index.php\/wp-json\/wp\/v2\/categories?post=30628"},{"taxonomy":"post_tag","embeddable":true,"href":"https:\/\/www.sincomam.org.br\/index.php\/wp-json\/wp\/v2\/tags?post=30628"}],"curies":[{"name":"wp","href":"https:\/\/api.w.org\/{rel}","templated":true}]}}