{"id":30619,"date":"2020-07-20T09:14:32","date_gmt":"2020-07-20T12:14:32","guid":{"rendered":"http:\/\/www.sincomam.org.br\/?p=30619"},"modified":"2020-07-21T12:17:28","modified_gmt":"2020-07-21T15:17:28","slug":"porto-do-rio-de-janeiro-cresce-72-no-1o-semestre","status":"publish","type":"post","link":"https:\/\/www.sincomam.org.br\/index.php\/porto-do-rio-de-janeiro-cresce-72-no-1o-semestre\/","title":{"rendered":"Porto do Rio de Janeiro cresce 7,2% no 1\u00ba semestre"},"content":{"rendered":"<p><strong><em>Balan\u00e7o da Autoridade Portu\u00e1ria destaca os embarques de ferro gusa na movimenta\u00e7\u00e3o de cargas do porto<\/em><\/strong><\/p>\n<p>A movimenta\u00e7\u00e3o de cargas no semestre de 2020 do Porto do Rio de Janeiro atingiu a marca de 3,747 milh\u00f5es de toneladas. O resultado representa um acr\u00e9scimo de 250 mil toneladas, o que corresponde a uma alta de 7,2%, em rela\u00e7\u00e3o ao mesmo per\u00edodo do ano anterior. Os dados foram divulgados pela Companhia Docas do Rio de Janeiro (CDRJ) nesta segunda-feira (20), dia do anivers\u00e1rio de 110 anos do porto.<\/p>\n<p>O levantamento indica que o destaque dos seis primeiros meses de 2020 ficou por conta do crescimento nas exporta\u00e7\u00f5es de ferro gusa, que atingiu o volume de 867 mil toneladas. O n\u00famero representa um incremento de 54,5% em rela\u00e7\u00e3o ao 1\u00ba semestre de 2019.<\/p>\n<p>Outro fator importante apontado no relat\u00f3rio da CDRJ para a movimenta\u00e7\u00e3o alcan\u00e7ada pelo Porto do Rio de Janeiro foi a entrada em opera\u00e7\u00e3o do Terminal de Trigo do Rio de Janeiro (TTRJ). No 1\u00ba semestre deste ano, o novo terminal movimentou 204 mil toneladas de trigo.<\/p>\n<p>O diretor-presidente da CDRJ, Francisco Antonio de Magalh\u00e3es Laranjeira, ressaltou que, \u201cmesmo com os impactos econ\u00f4micos gerados pela pandemia, o Porto do Rio de Janeiro conseguiu apresentar um resultado positivo no 1\u00ba semestre de 2020\u201d. E as perspectivas s\u00e3o boas, segundo ele: \u201cNa proje\u00e7\u00e3o de movimenta\u00e7\u00e3o de cargas para o 2\u00ba semestre de 2020, esperamos manter o bom desempenho observado na primeira metade do ano\u201d.<\/p>\n","protected":false},"excerpt":{"rendered":"<p>Balan\u00e7o da Autoridade Portu\u00e1ria destaca os embarques de ferro gusa na movimenta\u00e7\u00e3o de cargas do porto A movimenta\u00e7\u00e3o de cargas no semestre de 2020 do&#8230;<\/p>\n","protected":false},"author":1182,"featured_media":7007,"comment_status":"closed","ping_status":"closed","sticky":false,"template":"","format":"standard","meta":{"footnotes":""},"categories":[6],"tags":[170,80,59],"class_list":["post-30619","post","type-post","status-publish","format-standard","has-post-thumbnail","hentry","category-noticias","tag-crescimento","tag-porto","tag-rio-de-janeiro"],"_links":{"self":[{"href":"https:\/\/www.sincomam.org.br\/index.php\/wp-json\/wp\/v2\/posts\/30619","targetHints":{"allow":["GET"]}}],"collection":[{"href":"https:\/\/www.sincomam.org.br\/index.php\/wp-json\/wp\/v2\/posts"}],"about":[{"href":"https:\/\/www.sincomam.org.br\/index.php\/wp-json\/wp\/v2\/types\/post"}],"author":[{"embeddable":true,"href":"https:\/\/www.sincomam.org.br\/index.php\/wp-json\/wp\/v2\/users\/1182"}],"replies":[{"embeddable":true,"href":"https:\/\/www.sincomam.org.br\/index.php\/wp-json\/wp\/v2\/comments?post=30619"}],"version-history":[{"count":1,"href":"https:\/\/www.sincomam.org.br\/index.php\/wp-json\/wp\/v2\/posts\/30619\/revisions"}],"predecessor-version":[{"id":30620,"href":"https:\/\/www.sincomam.org.br\/index.php\/wp-json\/wp\/v2\/posts\/30619\/revisions\/30620"}],"wp:featuredmedia":[{"embeddable":true,"href":"https:\/\/www.sincomam.org.br\/index.php\/wp-json\/wp\/v2\/media\/7007"}],"wp:attachment":[{"href":"https:\/\/www.sincomam.org.br\/index.php\/wp-json\/wp\/v2\/media?parent=30619"}],"wp:term":[{"taxonomy":"category","embeddable":true,"href":"https:\/\/www.sincomam.org.br\/index.php\/wp-json\/wp\/v2\/categories?post=30619"},{"taxonomy":"post_tag","embeddable":true,"href":"https:\/\/www.sincomam.org.br\/index.php\/wp-json\/wp\/v2\/tags?post=30619"}],"curies":[{"name":"wp","href":"https:\/\/api.w.org\/{rel}","templated":true}]}}