{"id":30612,"date":"2020-07-20T09:59:01","date_gmt":"2020-07-20T12:59:01","guid":{"rendered":"http:\/\/www.sincomam.org.br\/?p=30612"},"modified":"2020-07-21T12:00:22","modified_gmt":"2020-07-21T15:00:22","slug":"pais-cobram-da-marinha-saida-de-filhos-aquartelados-ha-mais-de-4-meses","status":"publish","type":"post","link":"https:\/\/www.sincomam.org.br\/index.php\/pais-cobram-da-marinha-saida-de-filhos-aquartelados-ha-mais-de-4-meses\/","title":{"rendered":"Pais cobram da Marinha sa\u00edda de filhos aquartelados h\u00e1 mais de 4 meses"},"content":{"rendered":"<p>Por conta da pandemia da Covid-19, cerca de 750 alunos, entre 17 a 21 anos, das quatro Escolas de Aprendizes-Marinheiros (EAM) da Marinha do Brasil, localizadas nos estados de Santa Catarina, Esp\u00edrito Santo, Pernambuco e Cear\u00e1, est\u00e3o aquartelados sem previs\u00e3o de poderem sair. Os pais est\u00e3o preocupados com risco de cont\u00e1gio e com a falta de retorno, porque os demais militares est\u00e3o com fluxo normal de servi\u00e7o e outros alunos j\u00e1 receberam licen\u00e7a para voltarem para as suas casas.<\/p>\n<p>A m\u00e3e de um dos alunos, que pediu para ter a imagem preservada, diz que os pais querem uma explica\u00e7\u00e3o e um prazo do Departamento de Ensino e do 1\u00ba Distrito Naval, que comanda todas as escolas. \u201cO pessoal do Escola Naval, do Col\u00e9gio Naval, Curso de Cabo e Sargento\u2026 Todos eles foram liberados, mas os nossos filhos n\u00e3o. Parece que eles foram esquecidos. S\u00f3 na turma do meu filho tem 217 alunos\u201d, diz.<\/p>\n<p>Ela diz que os pais est\u00e3o muito preocupados, porque os filhos n\u00e3o revelam muita coisa por temerem que as den\u00fancias possam ter como consequ\u00eancia o desligamento deles. \u201cO que eles fazem se um dos meninos for contaminado? Qual o procedimento que eles tomam? N\u00f3s n\u00e3o sabemos de nada. A gente n\u00e3o tem ci\u00eancia do que acontece l\u00e1 dentro. E como fica a cabe\u00e7a desses meninos? J\u00e1 s\u00e3o 120 dias presos sem poderem ir na esquina\u201d, revela.<\/p>\n<p>Uma outra m\u00e3e, que tamb\u00e9m n\u00e3o quis se identificar, disse que o que mais incomoda \u00e9 o fato de eles n\u00e3o terem a certeza se ser\u00e3o licenciados ou seguem confinados. \u201cEu acredito que n\u00e3o deveriam ficar presos por tanto tempo. Quando eu falo com o meu filho por v\u00eddeo, eu vejo na fisionomia dele uma tristeza. A grande maioria est\u00e1 bem triste e irritada e isso tamb\u00e9m est\u00e1 refletindo nas notas de alguns deles\u201d, conta.<\/p>\n<p>Questionada pelos pais dos alunos e pela reportagem, a Marinha emitiu um comunicado e disse que as escolas est\u00e3o funcionando em conson\u00e2ncia com as diretrizes do Minist\u00e9rio da Sa\u00fade, da Ag\u00eancia Nacional de Vigil\u00e2ncia Sanit\u00e1ria (Anvisa), bem como o estabelecido na Portaria Normativa 30\/GM-MD, de 17 de mar\u00e7o de 2020. E que est\u00e3o mantidas as atividades escolares, adotando os procedimentos compat\u00edveis com seus respectivos cursos, os quais t\u00eam como alicerce did\u00e1tico, normativo e legal a modalidade de ensino sob o regime de internato. Informaram tamb\u00e9m que, no corrente ano, n\u00e3o houve impacto na m\u00e9dia hist\u00f3rica de cancelamento de matr\u00edculas, nas respectivas escoas.<\/p>\n<p>A Marinha explica ainda que reafirma o compromisso e a aten\u00e7\u00e3o em prover um ambiente de trabalho seguro ao seu pessoal, civil e militar, condi\u00e7\u00e3o fundamental para o bom cumprimento de sua miss\u00e3o.<\/p>\n<p>Fonte: CNN Brasil &#8211; Jos\u00e9 Brito<\/p>\n","protected":false},"excerpt":{"rendered":"<p>Por conta da pandemia da Covid-19, cerca de 750 alunos, entre 17 a 21 anos, das quatro Escolas de Aprendizes-Marinheiros (EAM) da Marinha do Brasil,&#8230;<\/p>\n","protected":false},"author":1182,"featured_media":30613,"comment_status":"closed","ping_status":"closed","sticky":false,"template":"","format":"standard","meta":{"footnotes":""},"categories":[6],"tags":[2751,1577,15,1576,3468],"class_list":["post-30612","post","type-post","status-publish","format-standard","has-post-thumbnail","hentry","category-noticias","tag-covid-19","tag-filhos","tag-marinha","tag-pais","tag-quartel"],"_links":{"self":[{"href":"https:\/\/www.sincomam.org.br\/index.php\/wp-json\/wp\/v2\/posts\/30612","targetHints":{"allow":["GET"]}}],"collection":[{"href":"https:\/\/www.sincomam.org.br\/index.php\/wp-json\/wp\/v2\/posts"}],"about":[{"href":"https:\/\/www.sincomam.org.br\/index.php\/wp-json\/wp\/v2\/types\/post"}],"author":[{"embeddable":true,"href":"https:\/\/www.sincomam.org.br\/index.php\/wp-json\/wp\/v2\/users\/1182"}],"replies":[{"embeddable":true,"href":"https:\/\/www.sincomam.org.br\/index.php\/wp-json\/wp\/v2\/comments?post=30612"}],"version-history":[{"count":1,"href":"https:\/\/www.sincomam.org.br\/index.php\/wp-json\/wp\/v2\/posts\/30612\/revisions"}],"predecessor-version":[{"id":30614,"href":"https:\/\/www.sincomam.org.br\/index.php\/wp-json\/wp\/v2\/posts\/30612\/revisions\/30614"}],"wp:featuredmedia":[{"embeddable":true,"href":"https:\/\/www.sincomam.org.br\/index.php\/wp-json\/wp\/v2\/media\/30613"}],"wp:attachment":[{"href":"https:\/\/www.sincomam.org.br\/index.php\/wp-json\/wp\/v2\/media?parent=30612"}],"wp:term":[{"taxonomy":"category","embeddable":true,"href":"https:\/\/www.sincomam.org.br\/index.php\/wp-json\/wp\/v2\/categories?post=30612"},{"taxonomy":"post_tag","embeddable":true,"href":"https:\/\/www.sincomam.org.br\/index.php\/wp-json\/wp\/v2\/tags?post=30612"}],"curies":[{"name":"wp","href":"https:\/\/api.w.org\/{rel}","templated":true}]}}