{"id":30610,"date":"2020-07-20T11:43:51","date_gmt":"2020-07-20T14:43:51","guid":{"rendered":"http:\/\/www.sincomam.org.br\/?p=30610"},"modified":"2020-07-21T11:58:51","modified_gmt":"2020-07-21T14:58:51","slug":"governo-anuncia-o-fim-do-bolsa-familia-e-inicio-do-renda-brasil","status":"publish","type":"post","link":"https:\/\/www.sincomam.org.br\/index.php\/governo-anuncia-o-fim-do-bolsa-familia-e-inicio-do-renda-brasil\/","title":{"rendered":"Governo anuncia o fim do Bolsa Fam\u00edlia e in\u00edcio do Renda Brasil"},"content":{"rendered":"<p><strong><em>Novo programa social quer ampliar o n\u00famero de atendidos pelo benef\u00edcio e incluir trabalhadores informais<\/em><\/strong><\/p>\n<p>O ministro da Economia, Paulo Guedes, anunciou o valor a ser pago pelo pr\u00f3ximo programa social que ser\u00e1 lan\u00e7ado pelo governo. Chamado de Renda Brasil, o novo benef\u00edcio destinado aos brasileiros de baixa renda ser\u00e1 a unifica\u00e7\u00e3o de diversos programas sociais j\u00e1 existentes como o Bolsa Fam\u00edlia, o Benef\u00edcio de Presta\u00e7\u00e3o Continuada, o Abono Salarial, o Seguro-Defeso e outros.<\/p>\n<p>Segundo Guedes, o novo programa social dever\u00e1 pagar entre R$ 250 e R$ 300 por m\u00eas. Atualmente, integrantes do Bolsa Fam\u00edlia podem receber at\u00e9 R$ 205,00 por m\u00eas de acordo com o tipo do benef\u00edcio em que se encaixam. &#8220;O n\u00edvel vai subir para R$ 250 ou para quase talvez R$ 300&#8221;, disse o ministro em entrevista \u00e0 R\u00e1dio Jovem Pan &#8211; nesta quarta-feira (15\/07).<\/p>\n<p><em>&#8220;O aux\u00edlio vai come\u00e7ar a descer e vai aterrissar na renda b\u00e1sica. Vai juntar o abono salarial, o Bolsa Fam\u00edlia, mais dois ou tr\u00eas programas focalizados e vai criar o Renda Brasil. E vai ser acima do Bolsa Fam\u00edlia. Amplia a base, s\u00e3o os 26 milh\u00f5es do Bolsa Fam\u00edlia mais os 10 milh\u00f5es de brasileiros que eram invis\u00edveis. E vamos ampliar tamb\u00e9m a cobertura&#8221;, destacou Guedes.<\/em><\/p>\n<p><strong>Renda Brasil deve vir ap\u00f3s o Aux\u00edlio <\/strong><\/p>\n<p>O novo programa de renda b\u00e1sica est\u00e1 sendo delineado pela equipe econ\u00f4mica do governo, mas ainda n\u00e3o tem data para ser lan\u00e7ado. A inten\u00e7\u00e3o do governo \u00e9 fazer a transi\u00e7\u00e3o durante o per\u00edodo de prorroga\u00e7\u00e3o do Aux\u00edlio Emergencial, que ser\u00e1 pago at\u00e9 agosto para quem come\u00e7ou a receber em abril e para outra parcela de brasileiros termina em novembro.<\/p>\n<p>Para conseguir pagar o novo benef\u00edcio o governo estuda adotar medidas como Imposto de Renda negativo e o fim da desonera\u00e7\u00e3o de parte dos produtos da cesta b\u00e1sica. Al\u00e9m disso, existe a ideia de incluir medidas para estimular a inser\u00e7\u00e3o dos benefici\u00e1rios no mercado de trabalho por meio da Carteira Verde Amarela.<\/p>\n<p>Fonte: Renda Brasil 2020<\/p>\n","protected":false},"excerpt":{"rendered":"<p>Novo programa social quer ampliar o n\u00famero de atendidos pelo benef\u00edcio e incluir trabalhadores informais O ministro da Economia, Paulo Guedes, anunciou o valor a&#8230;<\/p>\n","protected":false},"author":1182,"featured_media":17827,"comment_status":"closed","ping_status":"closed","sticky":false,"template":"","format":"standard","meta":{"footnotes":""},"categories":[6],"tags":[83,2377,1807,61,855,1610,887,192,3067,204,754,1657,1140],"class_list":["post-30610","post","type-post","status-publish","format-standard","has-post-thumbnail","hentry","category-noticias","tag-ampliacao","tag-beneficio","tag-bolsa","tag-brasil","tag-brasileiros","tag-familia","tag-fim","tag-governo","tag-informais","tag-pagamento","tag-programa","tag-renda","tag-trabalhadores"],"_links":{"self":[{"href":"https:\/\/www.sincomam.org.br\/index.php\/wp-json\/wp\/v2\/posts\/30610","targetHints":{"allow":["GET"]}}],"collection":[{"href":"https:\/\/www.sincomam.org.br\/index.php\/wp-json\/wp\/v2\/posts"}],"about":[{"href":"https:\/\/www.sincomam.org.br\/index.php\/wp-json\/wp\/v2\/types\/post"}],"author":[{"embeddable":true,"href":"https:\/\/www.sincomam.org.br\/index.php\/wp-json\/wp\/v2\/users\/1182"}],"replies":[{"embeddable":true,"href":"https:\/\/www.sincomam.org.br\/index.php\/wp-json\/wp\/v2\/comments?post=30610"}],"version-history":[{"count":1,"href":"https:\/\/www.sincomam.org.br\/index.php\/wp-json\/wp\/v2\/posts\/30610\/revisions"}],"predecessor-version":[{"id":30611,"href":"https:\/\/www.sincomam.org.br\/index.php\/wp-json\/wp\/v2\/posts\/30610\/revisions\/30611"}],"wp:featuredmedia":[{"embeddable":true,"href":"https:\/\/www.sincomam.org.br\/index.php\/wp-json\/wp\/v2\/media\/17827"}],"wp:attachment":[{"href":"https:\/\/www.sincomam.org.br\/index.php\/wp-json\/wp\/v2\/media?parent=30610"}],"wp:term":[{"taxonomy":"category","embeddable":true,"href":"https:\/\/www.sincomam.org.br\/index.php\/wp-json\/wp\/v2\/categories?post=30610"},{"taxonomy":"post_tag","embeddable":true,"href":"https:\/\/www.sincomam.org.br\/index.php\/wp-json\/wp\/v2\/tags?post=30610"}],"curies":[{"name":"wp","href":"https:\/\/api.w.org\/{rel}","templated":true}]}}