{"id":30590,"date":"2020-07-21T10:06:33","date_gmt":"2020-07-21T13:06:33","guid":{"rendered":"http:\/\/www.sincomam.org.br\/?p=30590"},"modified":"2020-07-21T10:10:39","modified_gmt":"2020-07-21T13:10:39","slug":"30590","status":"publish","type":"post","link":"https:\/\/www.sincomam.org.br\/index.php\/30590\/","title":{"rendered":"Ministro da Economia entrega hoje a proposta de reforma tribut\u00e1ria ao Congresso"},"content":{"rendered":"<p><strong><em>Paulo Guedes ir\u00e1 entregar a primeira parte do texto que dever\u00e1 envolver in\u00fameras mudan\u00e7as, principalmente a simplifica\u00e7\u00e3o e unifica\u00e7\u00e3o de tributos<\/em><\/strong><\/p>\n<p>O ministro da Economia, Paulo Guedes, entrega ao Congresso Nacional na tarde de hoje (21), \u00e0s 14h30, a proposta de reforma tribut\u00e1ria. O texto ser\u00e1 destinado ao presidente do Senado Federal, Davi Alcolumbre, e o presidente da C\u00e2mara dos Deputados, Rodrigo Maia.<\/p>\n<p>Segundo informa\u00e7\u00f5es da Ag\u00eancia Senado, desde 2019, o Congresso discute duas propostas de emenda \u00e0 Constitui\u00e7\u00e3o (PECs) que buscam aperfei\u00e7oar o sistema tribut\u00e1rio nacional: a PEC 110\/2019, do Senado, e a PEC 45\/2019, da C\u00e2mara.<\/p>\n<p>As duas propostas t\u00eam em comum a previs\u00e3o de extin\u00e7\u00e3o de diversos tributos que incidem sobre bens e servi\u00e7os, que seriam substitu\u00eddos por um s\u00f3 imposto sobre valor agregado (IVA). As duas propostas come\u00e7aram a ser mais debatidas no in\u00edcio deste ano, com a cria\u00e7\u00e3o da Comiss\u00e3o Mista da Reforma Tribut\u00e1ria.<\/p>\n<p><strong>Reforma<\/strong><\/p>\n<p>Segundo Paulo Guedes, a primeira parte da proposta do governo sobre a reforma tratar\u00e1 apenas a unifica\u00e7\u00e3o de impostos federais e estaduais num futuro Imposto sobre Valor Agregado (IVA) dual. O texto do governo ser\u00e1 unificado \u00e0s propostas da C\u00e2mara e do Senado que tramitam na comiss\u00e3o mista desde o in\u00edcio do ano.<\/p>\n<p>O IVA dual prev\u00ea a unifica\u00e7\u00e3o de diversos tributos em dois impostos: um federal e outro regional. Em tese, tributos como o Imposto sobre Produtos Industrializados (IPI) e o Imposto sobre Opera\u00e7\u00f5es Financeiras (IOF) poderiam ser unificados, mas o ministro explicou que, no n\u00edvel federal, o IVA fundir\u00e1 o Programa de Integra\u00e7\u00e3o Social (PIS) e a Contribui\u00e7\u00e3o sobre o Financiamento da Seguridade Social (Cofins). As informa\u00e7\u00f5es s\u00e3o da Ag\u00eancia Brasil.<\/p>\n<p>\u201cTemos que come\u00e7ar pelo que nos une. Vamos come\u00e7ar com o IVA dual. Vamos acabar com o PIS e a Cofins. Isso j\u00e1 est\u00e1 na Casa Civil\u201d, disse o ministro. Ele n\u00e3o explicou o que ser\u00e1 feito do Imposto sobre a Circula\u00e7\u00e3o de Mercadorias e Servi\u00e7os (ICMS), arrecadado pelos estados, e do Imposto sobre Servi\u00e7os (ISS), arrecadado pelos munic\u00edpios.<\/p>\n<p>Foto: Marcos Corr\u00eaa\/PR &#8211; Ministro da Economia, Paulo Guedes<\/p>\n","protected":false},"excerpt":{"rendered":"<p>Paulo Guedes ir\u00e1 entregar a primeira parte do texto que dever\u00e1 envolver in\u00fameras mudan\u00e7as, principalmente a simplifica\u00e7\u00e3o e unifica\u00e7\u00e3o de tributos O ministro da Economia,&#8230;<\/p>\n","protected":false},"author":1182,"featured_media":30594,"comment_status":"closed","ping_status":"closed","sticky":false,"template":"","format":"standard","meta":{"footnotes":""},"categories":[6],"tags":[732,3461,844,856,3431,1139,2999,3460,3462,417,3430,188,924,3458,3459],"class_list":["post-30590","post","type-post","status-publish","format-standard","has-post-thumbnail","hentry","category-noticias","tag-camara","tag-cofins","tag-congresso","tag-economia","tag-guedes","tag-icms","tag-iof","tag-iss","tag-iva","tag-ministro","tag-paulo","tag-reforma","tag-senado","tag-texto","tag-tributaria"],"_links":{"self":[{"href":"https:\/\/www.sincomam.org.br\/index.php\/wp-json\/wp\/v2\/posts\/30590","targetHints":{"allow":["GET"]}}],"collection":[{"href":"https:\/\/www.sincomam.org.br\/index.php\/wp-json\/wp\/v2\/posts"}],"about":[{"href":"https:\/\/www.sincomam.org.br\/index.php\/wp-json\/wp\/v2\/types\/post"}],"author":[{"embeddable":true,"href":"https:\/\/www.sincomam.org.br\/index.php\/wp-json\/wp\/v2\/users\/1182"}],"replies":[{"embeddable":true,"href":"https:\/\/www.sincomam.org.br\/index.php\/wp-json\/wp\/v2\/comments?post=30590"}],"version-history":[{"count":4,"href":"https:\/\/www.sincomam.org.br\/index.php\/wp-json\/wp\/v2\/posts\/30590\/revisions"}],"predecessor-version":[{"id":30596,"href":"https:\/\/www.sincomam.org.br\/index.php\/wp-json\/wp\/v2\/posts\/30590\/revisions\/30596"}],"wp:featuredmedia":[{"embeddable":true,"href":"https:\/\/www.sincomam.org.br\/index.php\/wp-json\/wp\/v2\/media\/30594"}],"wp:attachment":[{"href":"https:\/\/www.sincomam.org.br\/index.php\/wp-json\/wp\/v2\/media?parent=30590"}],"wp:term":[{"taxonomy":"category","embeddable":true,"href":"https:\/\/www.sincomam.org.br\/index.php\/wp-json\/wp\/v2\/categories?post=30590"},{"taxonomy":"post_tag","embeddable":true,"href":"https:\/\/www.sincomam.org.br\/index.php\/wp-json\/wp\/v2\/tags?post=30590"}],"curies":[{"name":"wp","href":"https:\/\/api.w.org\/{rel}","templated":true}]}}