{"id":30588,"date":"2020-07-21T09:44:34","date_gmt":"2020-07-21T12:44:34","guid":{"rendered":"http:\/\/www.sincomam.org.br\/?p=30588"},"modified":"2020-07-21T09:44:34","modified_gmt":"2020-07-21T12:44:34","slug":"cartilha-da-fundacentro-traz-medidas-de-prevencao-e-controle-da-covid-19","status":"publish","type":"post","link":"https:\/\/www.sincomam.org.br\/index.php\/cartilha-da-fundacentro-traz-medidas-de-prevencao-e-controle-da-covid-19\/","title":{"rendered":"Cartilha da Fundacentro traz medidas de preven\u00e7\u00e3o e controle da Covid-19"},"content":{"rendered":"<p><strong><em>Organiza\u00e7\u00f5es em funcionamento devem desenvolver um plano de a\u00e7\u00e3o para prevenir e controlar os riscos de exposi\u00e7\u00e3o dos trabalhadores ao Sars-CoV-2<\/em><\/strong><\/p>\n<p>A Fundacentro lan\u00e7a a cartilha \u201cPreven\u00e7\u00e3o \u00e0 Covid-19: Orienta\u00e7\u00f5es para preven\u00e7\u00e3o e controle da Covid-19 nos locais de trabalho\u201d, que traz medidas de preven\u00e7\u00e3o e de controle, al\u00e9m de pr\u00e1ticas seguras de trabalho e uso de equipamentos de prote\u00e7\u00e3o individual (EPI).<\/p>\n<p>O documento mostra como deve ser o planejamento das a\u00e7\u00f5es, com orienta\u00e7\u00f5es para auxiliar na defini\u00e7\u00e3o dos cen\u00e1rios de exposi\u00e7\u00e3o e dos riscos existentes.<\/p>\n<p>Para produzir o material, os pesquisadores da institui\u00e7\u00e3o se basearam em documentos internacionais: \u201c<em>Guidance on Preparing Workplaces<\/em> for Covid-19\u201d, da <em>Occupational Safety and Health Administration<\/em> (OSHA\/US), e \u201c<em>Interim Guidance for Businesses and Employers to Plan and Respond to Coronav\u00edrus Disease<\/em> 2019 (Covid-19)\u201d, do Center for <em>Diseases Control and Prevention<\/em> (CDC\/US).<\/p>\n<p>A adapta\u00e7\u00e3o buscou a harmoniza\u00e7\u00e3o com os aspectos legais e com as normativas t\u00e9cnicas do Brasil. Outras publica\u00e7\u00f5es foram consultadas.<\/p>\n<p>Uma das recomenda\u00e7\u00f5es \u00e9 que todas as organiza\u00e7\u00f5es em funcionamento desenvolvam um plano de a\u00e7\u00e3o para prevenir e controlar os riscos de exposi\u00e7\u00e3o dos trabalhadores ao Sars-CoV-2. Para tanto, deve-se relacionar os cen\u00e1rios de exposi\u00e7\u00e3o.<\/p>\n<p><em>\u00a0\u201cIsto implica identificar as fontes e os modos de transmiss\u00e3o do v\u00edrus, os fatores do ambiente ou da organiza\u00e7\u00e3o do trabalho que aumentam a probabilidade ou a chance de ocorrer a infec\u00e7\u00e3o, as medidas preventivas j\u00e1 existentes e os trabalhadores potencialmente expostos\u201d, aponta o texto.<\/em><\/p>\n<p>Deve-se analisar cada cen\u00e1rio de exposi\u00e7\u00e3o, verificando se as medidas de preven\u00e7\u00e3o e de controle existentes s\u00e3o adequadas e quais medidas adicionais s\u00e3o necess\u00e1rias para reduzir o risco ao menor n\u00edvel poss\u00edvel. Tamb\u00e9m \u00e9 necess\u00e1rio considerar os fatores de risco n\u00e3o ocupacionais relativos \u00e0 moradia, transporte e comunidade, uma vez que o pr\u00f3prio trabalhador pode atuar como vetor de transmiss\u00e3o da doen\u00e7a.<\/p>\n<p>A cartilha apresenta medidas gerais de precau\u00e7\u00e3o e preven\u00e7\u00e3o, pol\u00edticas e procedimentos para grupos de risco e pronta identifica\u00e7\u00e3o de pessoas suspeitas, flexibiliza\u00e7\u00e3o da gest\u00e3o de recursos humanos. Tamb\u00e9m mostra medidas de controles de engenharia, administrativos e pr\u00e1ticas seguras de trabalho, EPI, caracter\u00edsticas e indica\u00e7\u00f5es de prote\u00e7\u00e3o respirat\u00f3ria.<\/p>\n<p>O material foi elaborado pelos pesquisadores da Fundacentro Eduardo Algranti, Gilmar da Cunha Trivelato e Jos\u00e9 Mar\u00e7al Jackson Filho e o tecnologista Rog\u00e9rio Galv\u00e3o da Silva. A coordena\u00e7\u00e3o geral \u00e9 da gerente de Projetos Estrat\u00e9gicos, Erika Alvim de S\u00e1 Benevides.<\/p>\n<p>Fonte: Fundacentro<\/p>\n","protected":false},"excerpt":{"rendered":"<p>Organiza\u00e7\u00f5es em funcionamento devem desenvolver um plano de a\u00e7\u00e3o para prevenir e controlar os riscos de exposi\u00e7\u00e3o dos trabalhadores ao Sars-CoV-2 A Fundacentro lan\u00e7a a&#8230;<\/p>\n","protected":false},"author":1182,"featured_media":28633,"comment_status":"closed","ping_status":"closed","sticky":false,"template":"","format":"standard","meta":{"footnotes":""},"categories":[6],"tags":[3456,3020,2751,3457,2931],"class_list":["post-30588","post","type-post","status-publish","format-standard","has-post-thumbnail","hentry","category-noticias","tag-cartilha","tag-controle","tag-covid-19","tag-fundacentro","tag-prevencao"],"_links":{"self":[{"href":"https:\/\/www.sincomam.org.br\/index.php\/wp-json\/wp\/v2\/posts\/30588","targetHints":{"allow":["GET"]}}],"collection":[{"href":"https:\/\/www.sincomam.org.br\/index.php\/wp-json\/wp\/v2\/posts"}],"about":[{"href":"https:\/\/www.sincomam.org.br\/index.php\/wp-json\/wp\/v2\/types\/post"}],"author":[{"embeddable":true,"href":"https:\/\/www.sincomam.org.br\/index.php\/wp-json\/wp\/v2\/users\/1182"}],"replies":[{"embeddable":true,"href":"https:\/\/www.sincomam.org.br\/index.php\/wp-json\/wp\/v2\/comments?post=30588"}],"version-history":[{"count":1,"href":"https:\/\/www.sincomam.org.br\/index.php\/wp-json\/wp\/v2\/posts\/30588\/revisions"}],"predecessor-version":[{"id":30589,"href":"https:\/\/www.sincomam.org.br\/index.php\/wp-json\/wp\/v2\/posts\/30588\/revisions\/30589"}],"wp:featuredmedia":[{"embeddable":true,"href":"https:\/\/www.sincomam.org.br\/index.php\/wp-json\/wp\/v2\/media\/28633"}],"wp:attachment":[{"href":"https:\/\/www.sincomam.org.br\/index.php\/wp-json\/wp\/v2\/media?parent=30588"}],"wp:term":[{"taxonomy":"category","embeddable":true,"href":"https:\/\/www.sincomam.org.br\/index.php\/wp-json\/wp\/v2\/categories?post=30588"},{"taxonomy":"post_tag","embeddable":true,"href":"https:\/\/www.sincomam.org.br\/index.php\/wp-json\/wp\/v2\/tags?post=30588"}],"curies":[{"name":"wp","href":"https:\/\/api.w.org\/{rel}","templated":true}]}}