{"id":30584,"date":"2020-07-21T09:36:30","date_gmt":"2020-07-21T12:36:30","guid":{"rendered":"http:\/\/www.sincomam.org.br\/?p=30584"},"modified":"2020-07-21T09:36:30","modified_gmt":"2020-07-21T12:36:30","slug":"amazul-tem-novo-diretor-de-gestao-do-conhecimento-e-pessoas","status":"publish","type":"post","link":"https:\/\/www.sincomam.org.br\/index.php\/amazul-tem-novo-diretor-de-gestao-do-conhecimento-e-pessoas\/","title":{"rendered":"Amazul tem novo Diretor de Gest\u00e3o do Conhecimento e Pessoas"},"content":{"rendered":"<p><strong><em>Vice-Almirante Newton toma posse como Diretor de Gest\u00e3o do <\/em><\/strong><strong><em>Conhecimento e Pessoas da Amazul<\/em><\/strong><\/p>\n<p>A Marinha informa que, durante cerim\u00f4nia realizada no audit\u00f3rio da Amaz\u00f4nia Azul Tecnologias de Defesa S.A. (Amazul), o Vice-Almirante da reserva Newton de Almeida Costa Neto tomou posse como novo Diretor de Gest\u00e3o do Conhecimento e Pessoas. Ele sucede Lu\u00eds Ant\u00f4nio Rodrigues Hecht, que estava no cargo desde outubro de 2018. O novo diretor foi eleito em reuni\u00e3o do Conselho de Administra\u00e7\u00e3o da Amazul em 23 de junho.<\/p>\n<p>Devido aos protocolos de afastamento social e prote\u00e7\u00e3o contra a Covid-19, a cerim\u00f4nia foi breve e reuniu o Diretor-Presidente, Antonio Carlos Soares Guerreiro; o Diretor T\u00e9cnico e de Opera\u00e7\u00e3o, Francisco Roberto Portella Deiana; e os coordenadores Daniela Ferreira (Desenvolvimento de Pessoas), Tom\u00e9 Machado (Gest\u00e3o do Conhecimento) e Jos\u00e9 Amalth do Esp\u00edrito Santo (Servi\u00e7os Especializados em Engenharia de Seguran\u00e7a e em Medicina do Trabalho).<\/p>\n<p>Em seu discurso de posse, o Diretor Newton de Almeida Costa Neto destacou o conhecimento desenvolvido e gerido de forma profissional pela Amazul, com potencial para fazer a diferen\u00e7a e contribuir para os projetos estrat\u00e9gicos e para o desenvolvimento tecnol\u00f3gico da Marinha e do Pa\u00eds.<\/p>\n<p>O Diretor Newton \u00e9 graduado pela Escola Naval, mestre e doutor em Ci\u00eancias Navais pela Escola de Guerra Naval e com MBA em Gest\u00e3o Internacional pelo Instituto COPPEAD-UFRJ. Entre outras comiss\u00f5es na Marinha, foi gerente do Empreendimento Modular de Obten\u00e7\u00e3o da Infraestrutura para Constru\u00e7\u00e3o e Manuten\u00e7\u00e3o de Submarinos na Coordenadoria-Geral do Programa de Desenvolvimento de Submarino com Propuls\u00e3o Nuclear, Comandante da Escola Naval, subchefe de Opera\u00e7\u00f5es do Estado-Maior Conjunto das For\u00e7as Armadas no Minist\u00e9rio da Defesa e Comandante do 4\u00ba Distrito Naval.<\/p>\n<p><strong>Agradecimento<\/strong><\/p>\n<p>Na cerim\u00f4nia de passagem do cargo, o Diretor-Presidente da Amazul, Antonio Carlos Soares Guerreiro, agradeceu a dedica\u00e7\u00e3o do Ex-Diretor Hecht na estrutura\u00e7\u00e3o da Diretoria de Gest\u00e3o do Conhecimento e Pessoas e destacou realiza\u00e7\u00f5es como a implanta\u00e7\u00e3o da gest\u00e3o do conhecimento na Assessoria de Meio Ambiente do Centro Tecnol\u00f3gico da Marinha em S\u00e3o Paulo e na Coordenadoria do Programa do Ciclo de Combust\u00edvel Nuclear, vinculada \u00e0 Diretoria de Desenvolvimento Nuclear da Marinha, al\u00e9m da cria\u00e7\u00e3o da Comiss\u00e3o de Acompanhamento da pandemia do novo coronav\u00edrus, para a tomada de decis\u00f5es sobre preven\u00e7\u00e3o e preserva\u00e7\u00e3o da sa\u00fade dos empregados.<\/p>\n<p>*Com informa\u00e7\u00f5es da Marinha do Brasil<\/p>\n","protected":false},"excerpt":{"rendered":"<p>Vice-Almirante Newton toma posse como Diretor de Gest\u00e3o do Conhecimento e Pessoas da Amazul A Marinha informa que, durante cerim\u00f4nia realizada no audit\u00f3rio da Amaz\u00f4nia&#8230;<\/p>\n","protected":false},"author":1182,"featured_media":30585,"comment_status":"closed","ping_status":"closed","sticky":false,"template":"","format":"standard","meta":{"footnotes":""},"categories":[6],"tags":[788,61,1019,1065,15,100,3455],"class_list":["post-30584","post","type-post","status-publish","format-standard","has-post-thumbnail","hentry","category-noticias","tag-amazul","tag-brasil","tag-cerimonia","tag-diretor","tag-marinha","tag-novo","tag-poso"],"_links":{"self":[{"href":"https:\/\/www.sincomam.org.br\/index.php\/wp-json\/wp\/v2\/posts\/30584","targetHints":{"allow":["GET"]}}],"collection":[{"href":"https:\/\/www.sincomam.org.br\/index.php\/wp-json\/wp\/v2\/posts"}],"about":[{"href":"https:\/\/www.sincomam.org.br\/index.php\/wp-json\/wp\/v2\/types\/post"}],"author":[{"embeddable":true,"href":"https:\/\/www.sincomam.org.br\/index.php\/wp-json\/wp\/v2\/users\/1182"}],"replies":[{"embeddable":true,"href":"https:\/\/www.sincomam.org.br\/index.php\/wp-json\/wp\/v2\/comments?post=30584"}],"version-history":[{"count":1,"href":"https:\/\/www.sincomam.org.br\/index.php\/wp-json\/wp\/v2\/posts\/30584\/revisions"}],"predecessor-version":[{"id":30586,"href":"https:\/\/www.sincomam.org.br\/index.php\/wp-json\/wp\/v2\/posts\/30584\/revisions\/30586"}],"wp:featuredmedia":[{"embeddable":true,"href":"https:\/\/www.sincomam.org.br\/index.php\/wp-json\/wp\/v2\/media\/30585"}],"wp:attachment":[{"href":"https:\/\/www.sincomam.org.br\/index.php\/wp-json\/wp\/v2\/media?parent=30584"}],"wp:term":[{"taxonomy":"category","embeddable":true,"href":"https:\/\/www.sincomam.org.br\/index.php\/wp-json\/wp\/v2\/categories?post=30584"},{"taxonomy":"post_tag","embeddable":true,"href":"https:\/\/www.sincomam.org.br\/index.php\/wp-json\/wp\/v2\/tags?post=30584"}],"curies":[{"name":"wp","href":"https:\/\/api.w.org\/{rel}","templated":true}]}}