{"id":30571,"date":"2020-07-17T12:11:05","date_gmt":"2020-07-17T15:11:05","guid":{"rendered":"http:\/\/www.sincomam.org.br\/?p=30571"},"modified":"2020-07-17T12:11:38","modified_gmt":"2020-07-17T15:11:38","slug":"marinha-inaugura-base-de-submarinos-na-ilha-da-madeira-em-itaguai","status":"publish","type":"post","link":"https:\/\/www.sincomam.org.br\/index.php\/marinha-inaugura-base-de-submarinos-na-ilha-da-madeira-em-itaguai\/","title":{"rendered":"Marinha inaugura base de submarinos na Ilha da Madeira, em Itagua\u00ed"},"content":{"rendered":"<p><strong><em>Novo equipamento contribuir\u00e1 para a seguran\u00e7a de instala\u00e7\u00f5es no Complexo Naval de Itagua\u00ed<\/em><\/strong><\/p>\n<p>A Marinha do Brasil inaugura hoje (17\/7) a Base de Submarinos da Ilha da Madeira (BSIM). A Base Naval, localizada no Complexo Naval de Itagua\u00ed (CNI), ser\u00e1 utilizada para o Programa de Desenvolvimento de Submarinos (Prosub), cujo objetivo \u00e9 a produ\u00e7\u00e3o de quatro submarinos convencionais e do primeiro submarino brasileiro com propuls\u00e3o nuclear. A cerim\u00f4nia ser\u00e1 transmitida pelo <strong>Youtube da Marinha<\/strong> a partir das 10h30.<\/p>\n<p>A BSIM tem o prop\u00f3sito de contribuir em miss\u00f5es navais, principalmente dos submarinos, al\u00e9m de prestar apoio log\u00edstico \u00e0s Organiza\u00e7\u00f5es Militares (OM) apoiadas.\u00a0 A base oferecer\u00e1 seguran\u00e7a de \u00e1reas e instala\u00e7\u00f5es do Complexo Naval de Itagua\u00ed, incluindo os per\u00edmetros mar\u00edtimo, terrestre e \u00e1reas comuns, em coordena\u00e7\u00e3o com as demais OM e empresas sediadas no Complexo, al\u00e9m de oferecer apoio b\u00e1sico de sa\u00fade.<\/p>\n<p>A infraestrutura de rede de dados e centros de controle permite automatizar tarefas como a gera\u00e7\u00e3o e distribui\u00e7\u00e3o de utilidades (\u00e1gua, \u00f3leo, energia el\u00e9trica), o controle de maquin\u00e1rio, a detec\u00e7\u00e3o e combate a inc\u00eandio, a seguran\u00e7a f\u00edsica das instala\u00e7\u00f5es e a prote\u00e7\u00e3o ambiental.<\/p>\n<p>Fonte: O Dia &#8211; Itagua\u00ed<\/p>\n","protected":false},"excerpt":{"rendered":"<p>Novo equipamento contribuir\u00e1 para a seguran\u00e7a de instala\u00e7\u00f5es no Complexo Naval de Itagua\u00ed A Marinha do Brasil inaugura hoje (17\/7) a Base de Submarinos da&#8230;<\/p>\n","protected":false},"author":1182,"featured_media":30574,"comment_status":"closed","ping_status":"closed","sticky":false,"template":"","format":"standard","meta":{"footnotes":""},"categories":[6],"tags":[1655,1829,395,536,3120,642,15,67,3452],"class_list":["post-30571","post","type-post","status-publish","format-standard","has-post-thumbnail","hentry","category-noticias","tag-base","tag-cidade-de-itaguai","tag-ilha","tag-inauguracao","tag-itaguai","tag-madeira","tag-marinha","tag-naval","tag-submarinos"],"_links":{"self":[{"href":"https:\/\/www.sincomam.org.br\/index.php\/wp-json\/wp\/v2\/posts\/30571","targetHints":{"allow":["GET"]}}],"collection":[{"href":"https:\/\/www.sincomam.org.br\/index.php\/wp-json\/wp\/v2\/posts"}],"about":[{"href":"https:\/\/www.sincomam.org.br\/index.php\/wp-json\/wp\/v2\/types\/post"}],"author":[{"embeddable":true,"href":"https:\/\/www.sincomam.org.br\/index.php\/wp-json\/wp\/v2\/users\/1182"}],"replies":[{"embeddable":true,"href":"https:\/\/www.sincomam.org.br\/index.php\/wp-json\/wp\/v2\/comments?post=30571"}],"version-history":[{"count":1,"href":"https:\/\/www.sincomam.org.br\/index.php\/wp-json\/wp\/v2\/posts\/30571\/revisions"}],"predecessor-version":[{"id":30573,"href":"https:\/\/www.sincomam.org.br\/index.php\/wp-json\/wp\/v2\/posts\/30571\/revisions\/30573"}],"wp:featuredmedia":[{"embeddable":true,"href":"https:\/\/www.sincomam.org.br\/index.php\/wp-json\/wp\/v2\/media\/30574"}],"wp:attachment":[{"href":"https:\/\/www.sincomam.org.br\/index.php\/wp-json\/wp\/v2\/media?parent=30571"}],"wp:term":[{"taxonomy":"category","embeddable":true,"href":"https:\/\/www.sincomam.org.br\/index.php\/wp-json\/wp\/v2\/categories?post=30571"},{"taxonomy":"post_tag","embeddable":true,"href":"https:\/\/www.sincomam.org.br\/index.php\/wp-json\/wp\/v2\/tags?post=30571"}],"curies":[{"name":"wp","href":"https:\/\/api.w.org\/{rel}","templated":true}]}}