{"id":30563,"date":"2020-07-17T11:35:46","date_gmt":"2020-07-17T14:35:46","guid":{"rendered":"http:\/\/www.sincomam.org.br\/?p=30563"},"modified":"2020-07-17T11:40:09","modified_gmt":"2020-07-17T14:40:09","slug":"doenca-nova-causada-por-covid-19-em-criancas-nao-e-a-de-kawasaki-diz-estudo","status":"publish","type":"post","link":"https:\/\/www.sincomam.org.br\/index.php\/doenca-nova-causada-por-covid-19-em-criancas-nao-e-a-de-kawasaki-diz-estudo\/","title":{"rendered":"Doen\u00e7a nova causada por Covid-19 em crian\u00e7as n\u00e3o \u00e9 a de Kawasaki, diz estudo"},"content":{"rendered":"<p><strong><em>Estudo reitera que condi\u00e7\u00e3o rara observada em algumas crian\u00e7as infectadas pelo Sars-CoV-2 \u00e9 nova;<\/em><em> Inglaterra, It\u00e1lia e EUA reportam 200 casos de crian\u00e7as infectadas<\/em><\/strong><\/p>\n<p>Em abril deste ano, pesquisadores de v\u00e1rios pa\u00edses europeus anunciaram a identifica\u00e7\u00e3o de uma nova s\u00edndrome inflamat\u00f3ria em crian\u00e7as com Covid-19. Segundo os primeiros estudos, a condi\u00e7\u00e3o teria sintomas parecidos com os da doen\u00e7a de Kawasaki, o que levou os especialistas a acreditarem que o novo coronav\u00edrus levasse ao desenvolvimento desse problema pedi\u00e1trico raro.<\/p>\n<p>A doen\u00e7a de Kawasaki \u00e9 uma vasculite que faz com que a art\u00e9ria coron\u00e1ria da crian\u00e7a n\u00e3o se desenvolva conforme o crescimento. Como resultado, esse vaso sangu\u00edneo fica pequeno demais para o cora\u00e7\u00e3o e menos sangue do que o necess\u00e1rio chega ao \u00f3rg\u00e3o.<\/p>\n<p>Entretanto, um estudo publicado nesta segunda-feira (8\/7) no <em>Journal of the American Medical Association<\/em> reitera o que outras pesquisas v\u00eam mostrando: a condi\u00e7\u00e3o observada nas crian\u00e7as com Covid-19 n\u00e3o \u00e9 a mesma.<\/p>\n<p>A pesquisa, liderada pelo <em>Imperial College London<\/em>, na Inglaterra, identificou os sintomas do que os especialistas chamaram de s\u00edndrome inflamat\u00f3ria multissist\u00eamica pedi\u00e1trica temporariamente associada ao Sars-CoV-2 (PIMS-TS, na sigla em ingl\u00eas).<\/p>\n<p>Ao contr\u00e1rio da doen\u00e7a de Kawasaki, que costuma aparecer antes dos 5 anos de idade, a PIMS-TS afeta crian\u00e7as mais velhas, com cerca de 9 anos, e causa dores abdominais, diarreia e febre persistente.<\/p>\n<p><em>&#8220;Nossa an\u00e1lise mostrou que esta \u00e9 realmente uma nova condi\u00e7\u00e3o&#8221;, contou Julia Kenny, uma das pesquisadoras, em comunicado. &#8220;Quando n\u00e3o tratada, existe o risco de complica\u00e7\u00f5es graves em crian\u00e7as muito doentes, mas com a identifica\u00e7\u00e3o e o tratamento precoces, o progn\u00f3stico \u00e9 excelente.&#8221;<\/em><\/p>\n<p>Acredita-se que a condi\u00e7\u00e3o seja extremamente rara, mas h\u00e1 preocupa\u00e7\u00f5es com danos coron\u00e1rios de longa dura\u00e7\u00e3o. Menos de 200 casos de PIMS-TS foram relatados na Inglaterra nos \u00faltimos meses e a maioria das crian\u00e7as j\u00e1 se recuperou.<\/p>\n<p>Embora a equipe n\u00e3o possa afirmar com certeza que a PIMS-TS \u00e9 causada pela Covid-19, 45 das 58 crian\u00e7as analisadas no estudo apresentavam evid\u00eancias de j\u00e1 terem desenvolvido a doen\u00e7a causada pelo novo coronav\u00edrus ou de estarem infectadas durante a investiga\u00e7\u00e3o. De acordo com os pesquisadores, isso sugere que a condi\u00e7\u00e3o est\u00e1 associada ao Sars-CoV-2 e talvez seja resultado de uma rea\u00e7\u00e3o exagerada do sistema imunol\u00f3gico.<\/p>\n<p>Por esse motivo, os especialistas tamb\u00e9m ressaltam que entender mais sobre a PIMS-TS pode ajudar na compreens\u00e3o da Covid-19 e seus efeitos, mesmo em adultos.<\/p>\n<p>*As informa\u00e7\u00f5es s\u00e3o da revista Galileu<\/p>\n<p><strong>S\u00edndrome Inflamat\u00f3ria Multissist\u00eamica em Crian\u00e7as<\/strong><\/p>\n<p>Os sintomas come\u00e7am com dores no est\u00f4mago e v\u00f4mito, seguidos de febre e, em alguns casos, manchas vermelhas pelo corpo. A maioria dos casos aparece de duas a seis semanas ap\u00f3s a infec\u00e7\u00e3o pelo novo coronav\u00edrus e os sintomas podem evoluir para problemas card\u00edacos, renais e neurol\u00f3gicos, podendo levar \u00e0 morte.<\/p>\n<p>Autoridades de sa\u00fade dos EUA alertam que crian\u00e7as com suspeita da S\u00edndrome Inflamat\u00f3ria Multissist\u00eamica precisam de atendimento m\u00e9dico urgente, porque a infec\u00e7\u00e3o das art\u00e9rias atrapalha o fluxo sangu\u00edneo e pode provocar fal\u00eancia do cora\u00e7\u00e3o, informou o Centro de Controle e Preven\u00e7\u00e3o de Doen\u00e7as dos EUA (CDC).<\/p>\n<p>A Sociedade Brasileira de Pediatria tamb\u00e9m fez um alerta a respeito dessa doen\u00e7a relacionada \u00e0 COVID-19. Em maio, o Governo de S\u00e3o Paulo divulgou que 1.004 crian\u00e7as testaram positivo para coronav\u00edrus, incluindo a morte de 4 crian\u00e7as por Covid-19.<\/p>\n<p>Foto: divulga\u00e7\u00e3o<\/p>\n","protected":false},"excerpt":{"rendered":"<p>Estudo reitera que condi\u00e7\u00e3o rara observada em algumas crian\u00e7as infectadas pelo Sars-CoV-2 \u00e9 nova; Inglaterra, It\u00e1lia e EUA reportam 200 casos de crian\u00e7as infectadas Em&#8230;<\/p>\n","protected":false},"author":1182,"featured_media":30567,"comment_status":"closed","ping_status":"closed","sticky":false,"template":"","format":"standard","meta":{"footnotes":""},"categories":[6],"tags":[61,2751,3228,1458,266,983,3445,3448,3446,1005,3449,3444,366,3450,3447,3098],"class_list":["post-30563","post","type-post","status-publish","format-standard","has-post-thumbnail","hentry","category-noticias","tag-brasil","tag-covid-19","tag-criancas","tag-doenca","tag-eua","tag-gripe","tag-infectadas","tag-inflamatoria","tag-kawasaki","tag-mortes","tag-multissistemica","tag-rara","tag-sao-paulo","tag-sars-cov-2","tag-sindrome","tag-sintomas"],"_links":{"self":[{"href":"https:\/\/www.sincomam.org.br\/index.php\/wp-json\/wp\/v2\/posts\/30563","targetHints":{"allow":["GET"]}}],"collection":[{"href":"https:\/\/www.sincomam.org.br\/index.php\/wp-json\/wp\/v2\/posts"}],"about":[{"href":"https:\/\/www.sincomam.org.br\/index.php\/wp-json\/wp\/v2\/types\/post"}],"author":[{"embeddable":true,"href":"https:\/\/www.sincomam.org.br\/index.php\/wp-json\/wp\/v2\/users\/1182"}],"replies":[{"embeddable":true,"href":"https:\/\/www.sincomam.org.br\/index.php\/wp-json\/wp\/v2\/comments?post=30563"}],"version-history":[{"count":2,"href":"https:\/\/www.sincomam.org.br\/index.php\/wp-json\/wp\/v2\/posts\/30563\/revisions"}],"predecessor-version":[{"id":30568,"href":"https:\/\/www.sincomam.org.br\/index.php\/wp-json\/wp\/v2\/posts\/30563\/revisions\/30568"}],"wp:featuredmedia":[{"embeddable":true,"href":"https:\/\/www.sincomam.org.br\/index.php\/wp-json\/wp\/v2\/media\/30567"}],"wp:attachment":[{"href":"https:\/\/www.sincomam.org.br\/index.php\/wp-json\/wp\/v2\/media?parent=30563"}],"wp:term":[{"taxonomy":"category","embeddable":true,"href":"https:\/\/www.sincomam.org.br\/index.php\/wp-json\/wp\/v2\/categories?post=30563"},{"taxonomy":"post_tag","embeddable":true,"href":"https:\/\/www.sincomam.org.br\/index.php\/wp-json\/wp\/v2\/tags?post=30563"}],"curies":[{"name":"wp","href":"https:\/\/api.w.org\/{rel}","templated":true}]}}