{"id":30523,"date":"2020-07-15T11:38:28","date_gmt":"2020-07-15T14:38:28","guid":{"rendered":"http:\/\/www.sincomam.org.br\/?p=30523"},"modified":"2020-07-15T11:38:49","modified_gmt":"2020-07-15T14:38:49","slug":"governo-autoriza-que-trabalhadores-demitidos-sejam-recontratados-durante-a-pandemia","status":"publish","type":"post","link":"https:\/\/www.sincomam.org.br\/index.php\/governo-autoriza-que-trabalhadores-demitidos-sejam-recontratados-durante-a-pandemia\/","title":{"rendered":"Governo autoriza que trabalhadores demitidos sejam recontratados durante a pandemia"},"content":{"rendered":"<p><strong><em>Regra em vig\u00eancia at\u00e9 ent\u00e3o considerava fraudulenta rescis\u00e3o seguida de recontrata\u00e7\u00e3o em per\u00edodo inferior a 90 dias<\/em><\/strong><\/p>\n<p>O governo Jair Bolsonaro autorizou nesta ter\u00e7a-feira (14), a <strong><a href=\"https:\/\/www.conjur.com.br\/dl\/portaria-1665520.pdf\" target=\"_blank\" rel=\"noopener noreferrer\">Portaria 16.655\/20<\/a>, <\/strong>que autoriza empresas a recontratarem imediatamente funcion\u00e1rios demitidos durante a pandemia do novo coronav\u00edrus sem que isso configure fraude trabalhista.<\/p>\n<p>A medida altera norma em vig\u00eancia desde 1992 (Portaria 384\/92), segundo a qual demitidos sem justa causa s\u00f3 podem ser readmitidos ap\u00f3s transcorrido o prazo de 90 dias. O descumprimento de tal previs\u00e3o \u00e9 considerado infra\u00e7\u00e3o, conforme prev\u00ea a Lei 8.036\/90.<\/p>\n<p><em>&#8220;Durante o estado de calamidade p\u00fablica n\u00e3o se presumir\u00e1 fraudulenta a rescis\u00e3o de contrato de trabalho sem justa causa seguida de recontrata\u00e7\u00e3o dentro dos noventa dias subsequentes \u00e0 data em que formalmente a rescis\u00e3o se operou, desde que mantidos os mesmos termos do contrato rescindido&#8221;, afirma o artigo 1\u00ba da portaria. <\/em><\/p>\n<p>O par\u00e1grafo \u00fanico, entretanto, permite que a recontrata\u00e7\u00e3o ocorra de modo diverso aos termos do contrato rescindido quando houver previs\u00e3o para tanto em instrumento de negocia\u00e7\u00e3o coletiva. Na pr\u00e1tica, isso significa que os trabalhadores podem ser demitidos e, na sequ\u00eancia, readmitidos com sal\u00e1rios mais baixos.<\/p>\n<p>Segundo Ricardo Calcini, professor de p\u00f3s-gradua\u00e7\u00e3o da FMU e organizador do e-book Coronav\u00edrus e os Impactos Trabalhistas, afirma que, com o diploma mantidos os mesmos benef\u00edcios do contrato anterior, fica afastada a presun\u00e7\u00e3o de fraude.<\/p>\n<p><em>&#8220;A negocia\u00e7\u00e3o coletiva, por\u00e9m, pode dispor de forma contr\u00e1ria, permitindo, por exemplo, a redu\u00e7\u00e3o de sal\u00e1rio, retirada de benef\u00edcios, entre outros. Vai depender necessariamente da chancela do sindicato da categoria profissional, via ACT ou CCT&#8221;, explicou. <\/em><\/p>\n<p><strong>&#8220;Facilita\u00e7\u00e3o&#8221;<\/strong><\/p>\n<p>A portaria \u00e9 assinada por Bruno Bianco, secret\u00e1rio especial da Previd\u00eancia e Trabalho, e foi publicada em edi\u00e7\u00e3o extra do Di\u00e1rio Oficial da Uni\u00e3o, entrando em vigor imediatamente.<\/p>\n<p>De acordo com o secret\u00e1rio, a medida &#8220;vai facilitar a recontrata\u00e7\u00e3o de trabalhadores demitidos para possibilitar uma recupera\u00e7\u00e3o mais r\u00e1pida no mercado de trabalho&#8221;.<\/p>\n<p>J\u00e1 o Minist\u00e9rio da Economia informou que haver\u00e1 &#8220;ostensiva fiscaliza\u00e7\u00e3o&#8221; para apurar possibilidades de fraudes e fixar penalidades \u00e0s empresas que cometerem infra\u00e7\u00f5es.<\/p>\n<p>Fonte: Conjur<\/p>\n","protected":false},"excerpt":{"rendered":"<p>Regra em vig\u00eancia at\u00e9 ent\u00e3o considerava fraudulenta rescis\u00e3o seguida de recontrata\u00e7\u00e3o em per\u00edodo inferior a 90 dias O governo Jair Bolsonaro autorizou nesta ter\u00e7a-feira (14),&#8230;<\/p>\n","protected":false},"author":1182,"featured_media":7050,"comment_status":"closed","ping_status":"closed","sticky":false,"template":"","format":"standard","meta":{"footnotes":""},"categories":[6],"tags":[2784,2752,2751,3425,65,192,2755,3426,3383,1140,3136],"class_list":["post-30523","post","type-post","status-publish","format-standard","has-post-thumbnail","hentry","category-noticias","tag-autorizacao","tag-coronavirus","tag-covid-19","tag-demitidos","tag-empresas","tag-governo","tag-pandemia","tag-recontratacao","tag-regra","tag-trabalhadores","tag-vigor"],"_links":{"self":[{"href":"https:\/\/www.sincomam.org.br\/index.php\/wp-json\/wp\/v2\/posts\/30523","targetHints":{"allow":["GET"]}}],"collection":[{"href":"https:\/\/www.sincomam.org.br\/index.php\/wp-json\/wp\/v2\/posts"}],"about":[{"href":"https:\/\/www.sincomam.org.br\/index.php\/wp-json\/wp\/v2\/types\/post"}],"author":[{"embeddable":true,"href":"https:\/\/www.sincomam.org.br\/index.php\/wp-json\/wp\/v2\/users\/1182"}],"replies":[{"embeddable":true,"href":"https:\/\/www.sincomam.org.br\/index.php\/wp-json\/wp\/v2\/comments?post=30523"}],"version-history":[{"count":2,"href":"https:\/\/www.sincomam.org.br\/index.php\/wp-json\/wp\/v2\/posts\/30523\/revisions"}],"predecessor-version":[{"id":30525,"href":"https:\/\/www.sincomam.org.br\/index.php\/wp-json\/wp\/v2\/posts\/30523\/revisions\/30525"}],"wp:featuredmedia":[{"embeddable":true,"href":"https:\/\/www.sincomam.org.br\/index.php\/wp-json\/wp\/v2\/media\/7050"}],"wp:attachment":[{"href":"https:\/\/www.sincomam.org.br\/index.php\/wp-json\/wp\/v2\/media?parent=30523"}],"wp:term":[{"taxonomy":"category","embeddable":true,"href":"https:\/\/www.sincomam.org.br\/index.php\/wp-json\/wp\/v2\/categories?post=30523"},{"taxonomy":"post_tag","embeddable":true,"href":"https:\/\/www.sincomam.org.br\/index.php\/wp-json\/wp\/v2\/tags?post=30523"}],"curies":[{"name":"wp","href":"https:\/\/api.w.org\/{rel}","templated":true}]}}