{"id":30521,"date":"2020-07-15T11:19:46","date_gmt":"2020-07-15T14:19:46","guid":{"rendered":"http:\/\/www.sincomam.org.br\/?p=30521"},"modified":"2020-07-15T11:19:46","modified_gmt":"2020-07-15T14:19:46","slug":"inss-muda-forma-de-contar-tempo-de-contribuicao-para-aposentadoria","status":"publish","type":"post","link":"https:\/\/www.sincomam.org.br\/index.php\/inss-muda-forma-de-contar-tempo-de-contribuicao-para-aposentadoria\/","title":{"rendered":"INSS muda forma de contar tempo de contribui\u00e7\u00e3o para aposentadoria"},"content":{"rendered":"<p><strong><em>Decreto que regulamenta reforma da Previd\u00eancia troca dia de contribui\u00e7\u00e3o por m\u00eas<\/em><\/strong><\/p>\n<p>O governo federal publicou na \u00faltima quarta-feira (1\/7) o<a href=\"http:\/\/www.in.gov.br\/en\/web\/dou\/-\/decreto-n-10.410-de-30-de-junho-de-2020-264503344\" target=\"_blank\" rel=\"noopener noreferrer\"> <strong>decreto 10.410<\/strong><\/a>, que regulamenta a reforma da Previd\u00eancia de 13 de novembro de 2019. O decreto muda a forma de contagem do tempo de contribui\u00e7\u00e3o para aposentadorias do INSS.<\/p>\n<p>Antes da reforma da Previd\u00eancia, para determinar o tempo de contribui\u00e7\u00e3o do segurado, o INSS contava os dias exatos trabalhados. Por exemplo, um trabalhador que ficou em uma empresa entre 4 de mar\u00e7o e 2 de abril trabalhou 30 dias. Ou seja, ele teria um m\u00eas de contribui\u00e7\u00e3o.<\/p>\n<p>Agora, segundo o decreto, ser\u00e3o computados os meses, independentemente da quantidade de dias que trabalhou. No exemplo acima, a contagem do tempo de contribui\u00e7\u00e3o passa a ser de dois meses, considerando tanto o m\u00eas de mar\u00e7o como o de abril.<\/p>\n<p>Segundo a advogada Adriane Bramante, presidente do IBDP (Instituto Brasileiro de Direito Previdenci\u00e1rio), para essa nova contagem \u00e9 preciso que a remunera\u00e7\u00e3o do trabalhador, que serve como base para a contribui\u00e7\u00e3o previdenci\u00e1ria, seja igual ou superior ao sal\u00e1rio m\u00ednimo (R$ 1.045 em 2020).<\/p>\n<p>A especialista afirma que o INSS ainda ter\u00e1 que publicar uma instru\u00e7\u00e3o normativa e os sistemas ter\u00e3o que se adaptar para a nova contagem.<\/p>\n<p>A nova contagem est\u00e1 entre as poucas partes do decreto a serem comemoradas pelo trabalhador. No geral, as mudan\u00e7as v\u00e3o estimular a\u00e7\u00f5es judiciais contra o governo, sendo que muitas v\u00e3o na contram\u00e3o de conquistas que j\u00e1 haviam sido obtidas pelos segurados no Judici\u00e1rio.<\/p>\n<p>Para a contagem do tempo especial (que antecipa a aposentadoria) de trabalhadores expostos a agentes cancer\u00edgenos, por exemplo, o governo passar\u00e1 a exigir provas de que equipamentos individuais e coletivos oferecidos pela empresa n\u00e3o eram eficientes para afastar o risco \u00e0 sa\u00fade.<\/p>\n<p>Fonte: Uol<\/p>\n","protected":false},"excerpt":{"rendered":"<p>Decreto que regulamenta reforma da Previd\u00eancia troca dia de contribui\u00e7\u00e3o por m\u00eas O governo federal publicou na \u00faltima quarta-feira (1\/7) o decreto 10.410, que regulamenta&#8230;<\/p>\n","protected":false},"author":1182,"featured_media":29325,"comment_status":"closed","ping_status":"closed","sticky":false,"template":"","format":"standard","meta":{"footnotes":""},"categories":[6],"tags":[1325,3423,1597,3422,192,1839,3424,188,2795],"class_list":["post-30521","post","type-post","status-publish","format-standard","has-post-thumbnail","hentry","category-noticias","tag-aposentadoria","tag-contagem","tag-decreto","tag-forma","tag-governo","tag-inss","tag-previdencia","tag-reforma","tag-social"],"_links":{"self":[{"href":"https:\/\/www.sincomam.org.br\/index.php\/wp-json\/wp\/v2\/posts\/30521","targetHints":{"allow":["GET"]}}],"collection":[{"href":"https:\/\/www.sincomam.org.br\/index.php\/wp-json\/wp\/v2\/posts"}],"about":[{"href":"https:\/\/www.sincomam.org.br\/index.php\/wp-json\/wp\/v2\/types\/post"}],"author":[{"embeddable":true,"href":"https:\/\/www.sincomam.org.br\/index.php\/wp-json\/wp\/v2\/users\/1182"}],"replies":[{"embeddable":true,"href":"https:\/\/www.sincomam.org.br\/index.php\/wp-json\/wp\/v2\/comments?post=30521"}],"version-history":[{"count":1,"href":"https:\/\/www.sincomam.org.br\/index.php\/wp-json\/wp\/v2\/posts\/30521\/revisions"}],"predecessor-version":[{"id":30522,"href":"https:\/\/www.sincomam.org.br\/index.php\/wp-json\/wp\/v2\/posts\/30521\/revisions\/30522"}],"wp:featuredmedia":[{"embeddable":true,"href":"https:\/\/www.sincomam.org.br\/index.php\/wp-json\/wp\/v2\/media\/29325"}],"wp:attachment":[{"href":"https:\/\/www.sincomam.org.br\/index.php\/wp-json\/wp\/v2\/media?parent=30521"}],"wp:term":[{"taxonomy":"category","embeddable":true,"href":"https:\/\/www.sincomam.org.br\/index.php\/wp-json\/wp\/v2\/categories?post=30521"},{"taxonomy":"post_tag","embeddable":true,"href":"https:\/\/www.sincomam.org.br\/index.php\/wp-json\/wp\/v2\/tags?post=30521"}],"curies":[{"name":"wp","href":"https:\/\/api.w.org\/{rel}","templated":true}]}}