{"id":30514,"date":"2020-07-15T10:41:11","date_gmt":"2020-07-15T13:41:11","guid":{"rendered":"http:\/\/www.sincomam.org.br\/?p=30514"},"modified":"2020-07-15T10:41:11","modified_gmt":"2020-07-15T13:41:11","slug":"exercito-inaugura-pronto-atendimento-e-unidade-de-terapia-intensiva-do-hospital-militar-em-brasilia","status":"publish","type":"post","link":"https:\/\/www.sincomam.org.br\/index.php\/exercito-inaugura-pronto-atendimento-e-unidade-de-terapia-intensiva-do-hospital-militar-em-brasilia\/","title":{"rendered":"Ex\u00e9rcito inaugura Pronto Atendimento e Unidade de Terapia Intensiva do Hospital Militar em Bras\u00edlia"},"content":{"rendered":"<p><strong><em>Nova estrutura do local, conta com 10 leitos de UTI e profissionais especializados para tratar urg\u00eancias, al\u00e9m da duplica\u00e7\u00e3o do estacionamento<\/em><\/strong><\/p>\n<p>O Minist\u00e9rio da Defesa divulgou que foi inaugurado o Pronto Atendimento M\u00e9dico (PAM) e a Unidade de Terapia Intensiva (UTI) do Hospital Militar de \u00c1rea de Bras\u00edlia (HMAB).<\/p>\n<p>De acordo com as informa\u00e7\u00f5es do minist\u00e9rio, o HMAB vai proporcionar um melhor atendimento aos componentes da Fam\u00edlia Militar, com prontid\u00e3o 24 horas por dia no PAM, prestando assist\u00eancia m\u00e9dica nos casos de urg\u00eancia e com uma UTI para atender as demandas de cuidados cr\u00edticos.<\/p>\n<p>O espa\u00e7o conta com recursos humanos terceirizados para operacionaliza\u00e7\u00e3o da mesma, evidenciando o emprego de pr\u00e1ticas modernas de gest\u00e3o hospitalar, o que trar\u00e1 mais comodidade e representar\u00e1 um melhor custo benef\u00edcio para os usu\u00e1rios do FUSEx.<\/p>\n<p>Estiveram presentes na solenidade de descerramento da placa de inaugura\u00e7\u00e3o o General de Ex\u00e9rcito Edson Leal Pujol, Comandante do Ex\u00e9rcito, o General de Ex\u00e9rcito Artur Costa Moura, Chefe do Departamento-Geral do Pessoal, o General de Ex\u00e9rcito Marcos Antonio Amaro dos Santos, Chefe do Estado-Maior do Ex\u00e9rcito, o General de Divis\u00e3o S\u00e9rgio da Costa Negraes, Comandante Militar do Planalto, o General de Brigada Luiz Gonzaga Viana Filho, Comandante da 11\u00aa Regi\u00e3o Militar, e o Coronel S\u00e9rgio Goya, Diretor do HMAB, al\u00e9m de outras autoridades.<\/p>\n<p>As autoridades visitaram a nova estrutura do HMAB, que conta com o novo PAM, 10 leitos de UTI e profissionais especializados para tratar urg\u00eancias, al\u00e9m da duplica\u00e7\u00e3o do estacionamento.<\/p>\n<p>*Com informa\u00e7\u00f5es do Minist\u00e9rio da Defesa\/Ex\u00e9rcito Brasileiro<\/p>\n","protected":false},"excerpt":{"rendered":"<p>Nova estrutura do local, conta com 10 leitos de UTI e profissionais especializados para tratar urg\u00eancias, al\u00e9m da duplica\u00e7\u00e3o do estacionamento O Minist\u00e9rio da Defesa&#8230;<\/p>\n","protected":false},"author":1182,"featured_media":30515,"comment_status":"closed","ping_status":"closed","sticky":false,"template":"","format":"standard","meta":{"footnotes":""},"categories":[6],"tags":[720,2985,416,837,3421,536,3420,3418,3419,1277],"class_list":["post-30514","post","type-post","status-publish","format-standard","has-post-thumbnail","hentry","category-noticias","tag-atendimento","tag-brasileiro","tag-brasilia","tag-exercito","tag-hospital-militar","tag-inauguracao","tag-intensiva","tag-pronto","tag-terapia","tag-unidade"],"_links":{"self":[{"href":"https:\/\/www.sincomam.org.br\/index.php\/wp-json\/wp\/v2\/posts\/30514","targetHints":{"allow":["GET"]}}],"collection":[{"href":"https:\/\/www.sincomam.org.br\/index.php\/wp-json\/wp\/v2\/posts"}],"about":[{"href":"https:\/\/www.sincomam.org.br\/index.php\/wp-json\/wp\/v2\/types\/post"}],"author":[{"embeddable":true,"href":"https:\/\/www.sincomam.org.br\/index.php\/wp-json\/wp\/v2\/users\/1182"}],"replies":[{"embeddable":true,"href":"https:\/\/www.sincomam.org.br\/index.php\/wp-json\/wp\/v2\/comments?post=30514"}],"version-history":[{"count":1,"href":"https:\/\/www.sincomam.org.br\/index.php\/wp-json\/wp\/v2\/posts\/30514\/revisions"}],"predecessor-version":[{"id":30516,"href":"https:\/\/www.sincomam.org.br\/index.php\/wp-json\/wp\/v2\/posts\/30514\/revisions\/30516"}],"wp:featuredmedia":[{"embeddable":true,"href":"https:\/\/www.sincomam.org.br\/index.php\/wp-json\/wp\/v2\/media\/30515"}],"wp:attachment":[{"href":"https:\/\/www.sincomam.org.br\/index.php\/wp-json\/wp\/v2\/media?parent=30514"}],"wp:term":[{"taxonomy":"category","embeddable":true,"href":"https:\/\/www.sincomam.org.br\/index.php\/wp-json\/wp\/v2\/categories?post=30514"},{"taxonomy":"post_tag","embeddable":true,"href":"https:\/\/www.sincomam.org.br\/index.php\/wp-json\/wp\/v2\/tags?post=30514"}],"curies":[{"name":"wp","href":"https:\/\/api.w.org\/{rel}","templated":true}]}}