{"id":30487,"date":"2020-07-14T12:33:38","date_gmt":"2020-07-14T15:33:38","guid":{"rendered":"http:\/\/www.sincomam.org.br\/?p=30487"},"modified":"2020-07-14T13:06:36","modified_gmt":"2020-07-14T16:06:36","slug":"governo-prorroga-prazo-de-suspensao-de-contratos-de-trabalho-e-reducao-salarial","status":"publish","type":"post","link":"https:\/\/www.sincomam.org.br\/index.php\/governo-prorroga-prazo-de-suspensao-de-contratos-de-trabalho-e-reducao-salarial\/","title":{"rendered":"Governo prorroga prazo de suspens\u00e3o de contratos de trabalho e redu\u00e7\u00e3o salarial"},"content":{"rendered":"<p><strong><em>Redu\u00e7\u00e3o em at\u00e9 70% da jornada de trabalho e de sal\u00e1rios ser\u00e1 de quatro meses ao inv\u00e9s de tr\u00eas; Suspens\u00e3o de contratos de trabalho que valia por 2 meses foi ampliada para 4<\/em><\/strong><\/p>\n<p>O governo federal editou decreto que prorroga por dois meses a suspens\u00e3o dos contratos de trabalho e por mais um m\u00eas a redu\u00e7\u00e3o de sal\u00e1rios e carga hor\u00e1ria de funcion\u00e1rios de empresas privadas. O documento foi publicado nesta ter\u00e7a-feira (14) no Di\u00e1rio Oficial da Uni\u00e3o, com assinatura do presidente Jair Bolsonaro e do ministro da Economia, Paulo Guedes.<\/p>\n<p>O texto regulamenta a <a href=\"http:\/\/www.planalto.gov.br\/ccivil_03\/_ato2019-2022\/2020\/lei\/L14020.htm\" target=\"_blank\" rel=\"noopener noreferrer\">Lei 14.020, sancionada em 6 de julho de 2020<\/a> &#8211; aprovada pelo Congresso Nacional &#8211; \u00a0que instituiu o Programa Emergencial de Manuten\u00e7\u00e3o do Emprego e da Renda durante a pandemia causada pelo novo coronav\u00edrus.<\/p>\n<p>Com o novo decreto publicado nesta ter\u00e7a, fica permitida a redu\u00e7\u00e3o proporcional da jornada de trabalho e de sal\u00e1rio por mais 30 dias, completando quatro meses (120 dias) no total. Para a ado\u00e7\u00e3o da suspens\u00e3o tempor\u00e1ria do contrato de trabalho, s\u00e3o 60 dias a mais, passando dos 60 atuais para 120 dias no total. O decreto permite o fracionamento da suspens\u00e3o contratual em per\u00edodos sucessivos ou intercalados de 10 dias ou mais, respeitado o prazo total de 120 dias.<\/p>\n<p>A medida tamb\u00e9m prorroga o aux\u00edlio emergencial de R$ 600 por mais um m\u00eas para empregados com contrato intermitente firmado at\u00e9 a data da publica\u00e7\u00e3o da MP 936.<\/p>\n<p><strong>MP 936<\/strong><\/p>\n<p>A lei 14.020\/20, tem os mesmos objetivos previstos na Medida Provis\u00f3ria 936\/20, \u00a0de 1\u00ba de abril, de preservar o emprego e a renda, al\u00e9m de garantir a continuidade das atividades laborais e empresariais e reduzir o impacto social decorrente das consequ\u00eancias do estado de calamidade p\u00fablica e da emerg\u00eancia de sa\u00fade p\u00fablica. Inicialmente, a previs\u00e3o era de que os funcion\u00e1rios pudessem ter seus contratos suspensos, com pagamento de uma parte do seguro desemprego por dois meses, ou ter seus sal\u00e1rios e jornada de trabalho reduzidos em 25%, 50% ou 70% por tr\u00eas meses, com uma complementa\u00e7\u00e3o salarial tamb\u00e9m concedida pelo governo.<\/p>\n<p>De acordo com o Minist\u00e9rio da Economia, mais de 12 milh\u00f5es de contratos j\u00e1 foram assinados desde a implanta\u00e7\u00e3o do benef\u00edcio emergencial para preserva\u00e7\u00e3o do emprego.<\/p>\n<p>*Com informa\u00e7\u00f5es da Ag\u00eancia Senado<\/p>\n<p><strong>Leia tamb\u00e9m: \u00a0<\/strong><\/p>\n<p><a href=\"https:\/\/www.sincomam.org.br\/index.php\/senado-aprova-ampliacao-da-mp-936-que-reduz-salarios-e-suspende-contratos-de-trabalho-durante-a-pandemia\/\" target=\"_blank\" rel=\"noopener noreferrer\"><strong>Redu\u00e7\u00e3o \u00e9 estendida enquanto durar a pandemia de Covid-19<\/strong><\/a><\/p>\n<p><a href=\"https:\/\/www.sincomam.org.br\/index.php\/fgts-inss-e-outros-beneficios-que-mudaram-com-a-reducao-do-salario-e-jornada-de-trabalho\/\" target=\"_blank\" rel=\"noopener noreferrer\"><strong>FGTS, INSS e outros benef\u00edcios que mudaram com a redu\u00e7\u00e3o do sal\u00e1rio e jornada de trabalho<\/strong><\/a><\/p>\n","protected":false},"excerpt":{"rendered":"<p>Redu\u00e7\u00e3o em at\u00e9 70% da jornada de trabalho e de sal\u00e1rios ser\u00e1 de quatro meses ao inv\u00e9s de tr\u00eas; Suspens\u00e3o de contratos de trabalho que&#8230;<\/p>\n","protected":false},"author":1182,"featured_media":18040,"comment_status":"closed","ping_status":"closed","sticky":false,"template":"","format":"standard","meta":{"footnotes":""},"categories":[6],"tags":[1757,61,144,2752,2751,1597,856,3415,544,192,2835,3413,417,2865,2755,3414,754,1654,403,517,554],"class_list":["post-30487","post","type-post","status-publish","format-standard","has-post-thumbnail","hentry","category-noticias","tag-auxilio","tag-brasil","tag-contrato","tag-coronavirus","tag-covid-19","tag-decreto","tag-economia","tag-emergncial","tag-emprego","tag-governo","tag-jair-bolsonaro","tag-lei-14-020","tag-ministro","tag-mp-936","tag-pandemia","tag-paulo-guedes","tag-programa","tag-prorrogacao","tag-salario","tag-suspensao","tag-trabalho"],"_links":{"self":[{"href":"https:\/\/www.sincomam.org.br\/index.php\/wp-json\/wp\/v2\/posts\/30487","targetHints":{"allow":["GET"]}}],"collection":[{"href":"https:\/\/www.sincomam.org.br\/index.php\/wp-json\/wp\/v2\/posts"}],"about":[{"href":"https:\/\/www.sincomam.org.br\/index.php\/wp-json\/wp\/v2\/types\/post"}],"author":[{"embeddable":true,"href":"https:\/\/www.sincomam.org.br\/index.php\/wp-json\/wp\/v2\/users\/1182"}],"replies":[{"embeddable":true,"href":"https:\/\/www.sincomam.org.br\/index.php\/wp-json\/wp\/v2\/comments?post=30487"}],"version-history":[{"count":5,"href":"https:\/\/www.sincomam.org.br\/index.php\/wp-json\/wp\/v2\/posts\/30487\/revisions"}],"predecessor-version":[{"id":30493,"href":"https:\/\/www.sincomam.org.br\/index.php\/wp-json\/wp\/v2\/posts\/30487\/revisions\/30493"}],"wp:featuredmedia":[{"embeddable":true,"href":"https:\/\/www.sincomam.org.br\/index.php\/wp-json\/wp\/v2\/media\/18040"}],"wp:attachment":[{"href":"https:\/\/www.sincomam.org.br\/index.php\/wp-json\/wp\/v2\/media?parent=30487"}],"wp:term":[{"taxonomy":"category","embeddable":true,"href":"https:\/\/www.sincomam.org.br\/index.php\/wp-json\/wp\/v2\/categories?post=30487"},{"taxonomy":"post_tag","embeddable":true,"href":"https:\/\/www.sincomam.org.br\/index.php\/wp-json\/wp\/v2\/tags?post=30487"}],"curies":[{"name":"wp","href":"https:\/\/api.w.org\/{rel}","templated":true}]}}