{"id":30483,"date":"2020-07-14T11:27:58","date_gmt":"2020-07-14T14:27:58","guid":{"rendered":"http:\/\/www.sincomam.org.br\/?p=30483"},"modified":"2020-07-14T11:27:58","modified_gmt":"2020-07-14T14:27:58","slug":"porto-do-itaqui-apresenta-crescimento-de-7-no-1o-semestre","status":"publish","type":"post","link":"https:\/\/www.sincomam.org.br\/index.php\/porto-do-itaqui-apresenta-crescimento-de-7-no-1o-semestre\/","title":{"rendered":"Porto do Itaqui apresenta crescimento de 7% no 1\u00ba semestre"},"content":{"rendered":"<p><strong><em>Movimenta\u00e7\u00e3o garante o abastecimento de alimentos, medicamentos, produtos de limpeza e outros itens de servi\u00e7os essenciais em todo o estado<\/em><\/strong><\/p>\n<p>O Porto do Itaqui segue em rota de crescimento, apesar da crise mundial provocada pela pandemia de Covid-19, e fecha o primeiro semestre do ano com 11,7 milh\u00f5es de toneladas de cargas movimentadas, o que \u00e9 7% superior ao mesmo per\u00edodo de 2019. Entre os destaques est\u00e3o a soja, que teve alta de 21% no acumulado do ano, com 5,7 milh\u00f5es de toneladas; e o fertilizante, carga que atingiu a marca de 1,1 milh\u00e3o de toneladas e cresceu 51%.<\/p>\n<p><em>\u201cEsses resultados s\u00e3o fruto do trabalho de um conjunto de cadeias log\u00edsticas integradas ao Porto do Itaqui, que se mantiveram ativas para abastecer os mercados externo e interno. Enfrentamos os desafios desse momento com aten\u00e7\u00e3o \u00e0 sa\u00fade e seguran\u00e7a dos trabalhadores e foco em produtividade para manter as atividades do Porto do Itaqui, que s\u00e3o essenciais para o desenvolvimento do Maranh\u00e3o e de toda a regi\u00e3o sob sua influ\u00eancia\u201d, avalia o presidente do Porto do Itaqui, Ted Lago.<\/em><\/p>\n<p>No primeiro semestre foi registrada alta tamb\u00e9m nas movimenta\u00e7\u00f5es de celulose e de carga geral. A celulose exportada pelo Itaqui, com origem em f\u00e1brica instalada em Imperatriz, sul do estado, obteve varia\u00e7\u00e3o positiva de 24% em rela\u00e7\u00e3o ao primeiro semestre do ano passado.<\/p>\n<p>O aumento da carga geral, de mais de 600%, foi alavancado pela importa\u00e7\u00e3o de pe\u00e7as e equipamentos para as obras de expans\u00e3o da termel\u00e9trica da Eneva em Santo Ant\u00f4nio dos Lopes, al\u00e9m de trilhos para obras nas ferrovias Caraj\u00e1s e Norte Sul; e pela exporta\u00e7\u00e3o de 25 mil toneladas de tarugos de a\u00e7o (barras utilizadas em usinas para lamina\u00e7\u00e3o), carga 100% maranhense, produzida em A\u00e7ail\u00e2ndia.<\/p>\n<p><em>\u201cS\u00e3o projetos estruturantes que est\u00e3o em expans\u00e3o no estado, o que consolida a import\u00e2ncia do Porto do Itaqui para o desenvolvimento do Maranh\u00e3o\u201d, afirma o diretor de Opera\u00e7\u00f5es e Planejamento do Itaqui, Jailson Luz.<\/em><\/p>\n<p>Para o segundo semestre a expectativa \u00e9 de mais crescimento, com a entrada em opera\u00e7\u00e3o da segunda fase do Tegram em agosto, o que vai elevar a capacidade de movimenta\u00e7\u00e3o de gr\u00e3os no Itaqui para 19 milh\u00f5es de toneladas\/ano. O volume de fertilizante tamb\u00e9m deve crescer a partir da inaugura\u00e7\u00e3o do novo terminal destinado a essa carga, da Companhia Operadora Portu\u00e1ria do Itaqui (COPI), ainda neste ano.<\/p>\n<p>A previs\u00e3o \u00e9 saltar de uma capacidade de 2 milh\u00f5es para 3,5 milh\u00f5es de toneladas de importa\u00e7\u00e3o de fertilizante por ano. \u201cO importante \u00e9 que esses projetos no Porto do Itaqui alavancam outros investimentos em nossa hinterl\u00e2ndia\u201d, completa Luz.<\/p>\n<p>A infraestrutura para gran\u00e9is l\u00edquidos tamb\u00e9m est\u00e1 em fase de amplia\u00e7\u00e3o no Porto do Itaqui, com os projetos da Ultracargo, Granel Qu\u00edmica e Ra\u00edzen, al\u00e9m da perspectiva de licita\u00e7\u00e3o para arrendamento de mais quatro \u00e1reas para novos terminais, prevista para este segundo semestre.<\/p>\n<p>Esse investimento, de R$ 478,1 milh\u00f5es da iniciativa privada no porto p\u00fablico do Maranh\u00e3o, demonstra a confian\u00e7a dos investidores privados no trabalho que vem sendo feito pela Emap.<\/p>\n<p>Fonte: O Maranhense<\/p>\n","protected":false},"excerpt":{"rendered":"<p>Movimenta\u00e7\u00e3o garante o abastecimento de alimentos, medicamentos, produtos de limpeza e outros itens de servi\u00e7os essenciais em todo o estado O Porto do Itaqui segue&#8230;<\/p>\n","protected":false},"author":1182,"featured_media":3306,"comment_status":"closed","ping_status":"closed","sticky":false,"template":"","format":"standard","meta":{"footnotes":""},"categories":[6],"tags":[191,170,382,383,237,80],"class_list":["post-30483","post","type-post","status-publish","format-standard","has-post-thumbnail","hentry","category-noticias","tag-cargas","tag-crescimento","tag-itaqui","tag-maranhao","tag-movimentacao","tag-porto"],"_links":{"self":[{"href":"https:\/\/www.sincomam.org.br\/index.php\/wp-json\/wp\/v2\/posts\/30483","targetHints":{"allow":["GET"]}}],"collection":[{"href":"https:\/\/www.sincomam.org.br\/index.php\/wp-json\/wp\/v2\/posts"}],"about":[{"href":"https:\/\/www.sincomam.org.br\/index.php\/wp-json\/wp\/v2\/types\/post"}],"author":[{"embeddable":true,"href":"https:\/\/www.sincomam.org.br\/index.php\/wp-json\/wp\/v2\/users\/1182"}],"replies":[{"embeddable":true,"href":"https:\/\/www.sincomam.org.br\/index.php\/wp-json\/wp\/v2\/comments?post=30483"}],"version-history":[{"count":1,"href":"https:\/\/www.sincomam.org.br\/index.php\/wp-json\/wp\/v2\/posts\/30483\/revisions"}],"predecessor-version":[{"id":30484,"href":"https:\/\/www.sincomam.org.br\/index.php\/wp-json\/wp\/v2\/posts\/30483\/revisions\/30484"}],"wp:featuredmedia":[{"embeddable":true,"href":"https:\/\/www.sincomam.org.br\/index.php\/wp-json\/wp\/v2\/media\/3306"}],"wp:attachment":[{"href":"https:\/\/www.sincomam.org.br\/index.php\/wp-json\/wp\/v2\/media?parent=30483"}],"wp:term":[{"taxonomy":"category","embeddable":true,"href":"https:\/\/www.sincomam.org.br\/index.php\/wp-json\/wp\/v2\/categories?post=30483"},{"taxonomy":"post_tag","embeddable":true,"href":"https:\/\/www.sincomam.org.br\/index.php\/wp-json\/wp\/v2\/tags?post=30483"}],"curies":[{"name":"wp","href":"https:\/\/api.w.org\/{rel}","templated":true}]}}