{"id":30472,"date":"2020-07-14T10:35:51","date_gmt":"2020-07-14T13:35:51","guid":{"rendered":"http:\/\/www.sincomam.org.br\/?p=30472"},"modified":"2020-07-14T10:35:51","modified_gmt":"2020-07-14T13:35:51","slug":"atividade-economica-tem-crescimento-de-131-em-maio","status":"publish","type":"post","link":"https:\/\/www.sincomam.org.br\/index.php\/atividade-economica-tem-crescimento-de-131-em-maio\/","title":{"rendered":"Atividade econ\u00f4mica tem crescimento de 1,31% em maio"},"content":{"rendered":"<p><strong><em>N\u00fameros foram divulgados nesta ter\u00e7a-feira (14) pelo Banco Central<\/em><\/strong><\/p>\n<p>Ap\u00f3s dois meses de forte queda, a atividade econ\u00f4mica brasileira registrou crescimento em maio. O \u00cdndice de Atividade Econ\u00f4mica do Banco Central (IBC-Br) dessazonalizado (ajustado para o per\u00edodo) subiu 1,31% em maio, em rela\u00e7\u00e3o a abril deste ano, segundo dados divulgados hoje (14), em Bras\u00edlia, pelo Banco Central (BC). Essa foi a maior alta mensal desde junho de 2018, quando houve crescimento de 3,3%.<\/p>\n<p>Sob efeitos da pandemia de covid-19, o IBC-Br teve queda de 9,45% em abril, e de 6,14%, em mar\u00e7o, na compara\u00e7\u00e3o com o m\u00eas anterior. Em janeiro e fevereiro houve crescimento de 0,12% e 0,35%, respectivamente, de acordo com dados revisados.<\/p>\n<p>Na compara\u00e7\u00e3o com maio de 2019, no entanto, houve recuo de 14,24% (sem ajuste para o per\u00edodo, j\u00e1 que a compara\u00e7\u00e3o \u00e9 entre meses iguais).<\/p>\n<p>Em 12 meses encerrados em maio, o indicador teve retra\u00e7\u00e3o de 2,08%. No ano, o IBC-Br registrou recuo de 6,08%.<\/p>\n<p><strong>Avalia\u00e7\u00e3o<\/strong><\/p>\n<p>O IBC-Br \u00e9 uma forma de avaliar a evolu\u00e7\u00e3o da atividade econ\u00f4mica brasileira e ajuda o BC a tomar suas decis\u00f5es sobre a taxa b\u00e1sica de juros, a Selic. O \u00edndice incorpora informa\u00e7\u00f5es sobre o n\u00edvel de atividade dos tr\u00eas setores da economia: ind\u00fastria, agropecu\u00e1ria e com\u00e9rcio e servi\u00e7os, al\u00e9m do volume de impostos.<\/p>\n<p>O indicador foi criado pelo BC para fazer um acompanhamento mensal da atividade econ\u00f4mica. Mas o indicador oficial, com metodologia diferente do IBC-Br, \u00e9 o Produto Interno Bruto (PIB), calculado pelo Instituto Brasileiro de Geografia e Estat\u00edstica (IBGE) e divulgado trimestralmente. O PIB \u00e9 a soma de todas as riquezas produzidas pelo pa\u00eds em um determinado per\u00edodo.<\/p>\n<p>Fonte: Ag\u00eancia Brasil<\/p>\n","protected":false},"excerpt":{"rendered":"<p>N\u00fameros foram divulgados nesta ter\u00e7a-feira (14) pelo Banco Central Ap\u00f3s dois meses de forte queda, a atividade econ\u00f4mica brasileira registrou crescimento em maio. O \u00cdndice&#8230;<\/p>\n","protected":false},"author":1182,"featured_media":8172,"comment_status":"closed","ping_status":"closed","sticky":false,"template":"","format":"standard","meta":{"footnotes":""},"categories":[6],"tags":[2869,61,2752,170,3408],"class_list":["post-30472","post","type-post","status-publish","format-standard","has-post-thumbnail","hentry","category-noticias","tag-atividade","tag-brasil","tag-coronavirus","tag-crescimento","tag-economica"],"_links":{"self":[{"href":"https:\/\/www.sincomam.org.br\/index.php\/wp-json\/wp\/v2\/posts\/30472","targetHints":{"allow":["GET"]}}],"collection":[{"href":"https:\/\/www.sincomam.org.br\/index.php\/wp-json\/wp\/v2\/posts"}],"about":[{"href":"https:\/\/www.sincomam.org.br\/index.php\/wp-json\/wp\/v2\/types\/post"}],"author":[{"embeddable":true,"href":"https:\/\/www.sincomam.org.br\/index.php\/wp-json\/wp\/v2\/users\/1182"}],"replies":[{"embeddable":true,"href":"https:\/\/www.sincomam.org.br\/index.php\/wp-json\/wp\/v2\/comments?post=30472"}],"version-history":[{"count":1,"href":"https:\/\/www.sincomam.org.br\/index.php\/wp-json\/wp\/v2\/posts\/30472\/revisions"}],"predecessor-version":[{"id":30473,"href":"https:\/\/www.sincomam.org.br\/index.php\/wp-json\/wp\/v2\/posts\/30472\/revisions\/30473"}],"wp:featuredmedia":[{"embeddable":true,"href":"https:\/\/www.sincomam.org.br\/index.php\/wp-json\/wp\/v2\/media\/8172"}],"wp:attachment":[{"href":"https:\/\/www.sincomam.org.br\/index.php\/wp-json\/wp\/v2\/media?parent=30472"}],"wp:term":[{"taxonomy":"category","embeddable":true,"href":"https:\/\/www.sincomam.org.br\/index.php\/wp-json\/wp\/v2\/categories?post=30472"},{"taxonomy":"post_tag","embeddable":true,"href":"https:\/\/www.sincomam.org.br\/index.php\/wp-json\/wp\/v2\/tags?post=30472"}],"curies":[{"name":"wp","href":"https:\/\/api.w.org\/{rel}","templated":true}]}}