{"id":30463,"date":"2020-07-13T13:12:49","date_gmt":"2020-07-13T16:12:49","guid":{"rendered":"http:\/\/www.sincomam.org.br\/?p=30463"},"modified":"2020-07-13T13:12:49","modified_gmt":"2020-07-13T16:12:49","slug":"marinha-do-brasil-recebe-segunda-aeronave-uh-17-para-operacao-antartica","status":"publish","type":"post","link":"https:\/\/www.sincomam.org.br\/index.php\/marinha-do-brasil-recebe-segunda-aeronave-uh-17-para-operacao-antartica\/","title":{"rendered":"Marinha do Brasil recebe segunda aeronave UH-17 para Opera\u00e7\u00e3o \u201cAnt\u00e1rtica\u201d"},"content":{"rendered":"<p><strong><em>Aeronave refor\u00e7a opera\u00e7\u00f5es do 1\u00ba Esquadr\u00e3o de Helic\u00f3pteros de Emprego Geral<\/em><\/strong><\/p>\n<p>A Marinha do Brasil informa que recebeu na \u00faltima sexta-feira (10) da empresa Helibras, a segunda aeronave UH-17 no 1\u00ba Esquadr\u00e3o de Helic\u00f3pteros de Emprego Geral (EsqdHU-1). Com a aeronave N-7091, conclui-se mais uma fase do Contrato de Obten\u00e7\u00e3o de Aeronaves para a Opera\u00e7\u00e3o \u201cAnt\u00e1rtica\u201d.<\/p>\n<p>Segundo a Marinha, a obten\u00e7\u00e3o das aeronaves UH-17 tem como objetivo principal evitar uma lacuna nas opera\u00e7\u00f5es a\u00e9reas embarcadas nos navios que apoiam o Programa Ant\u00e1rtico Brasileiro (PROANTAR).<\/p>\n<p>Esse novo meio soma-se \u00e0 aeronave N-7090 para trazer novas capacidades operacionais ao EsqdHU-1, em face da sua cabine ampla e de f\u00e1cil acesso, do maior peso m\u00e1ximo de decolagem, da maior capacidade de carga do gancho, e de novos e mais confi\u00e1veis equipamentos avi\u00f4nicos compat\u00edveis com \u00d3culos de Vis\u00e3o Noturna (OVN).<\/p>\n<p>A Marinha refor\u00e7a ainda que, o aumento da disponibilidade de aeronaves com sistemas modernos, apoiadas por um Contrato de Suporte Log\u00edstico com a fabricante da aeronave e dos motores, \u00e9 resultado das tratativas entre a Marinha do Brasil, Helibras e Safran.<\/p>\n<p>*Com informa\u00e7\u00f5es da For\u00e7a Aeronaval, via CCSM<\/p>\n","protected":false},"excerpt":{"rendered":"<p>Aeronave refor\u00e7a opera\u00e7\u00f5es do 1\u00ba Esquadr\u00e3o de Helic\u00f3pteros de Emprego Geral A Marinha do Brasil informa que recebeu na \u00faltima sexta-feira (10) da empresa Helibras,&#8230;<\/p>\n","protected":false},"author":1182,"featured_media":30464,"comment_status":"closed","ping_status":"closed","sticky":false,"template":"","format":"standard","meta":{"footnotes":""},"categories":[6],"tags":[3404,814,61,2752,3406,192,3405,3407,15,377],"class_list":["post-30463","post","type-post","status-publish","format-standard","has-post-thumbnail","hentry","category-noticias","tag-aeronave","tag-antartica","tag-brasil","tag-coronavirus","tag-esquadrao","tag-governo","tag-helibras","tag-helicopteros","tag-marinha","tag-operacao"],"_links":{"self":[{"href":"https:\/\/www.sincomam.org.br\/index.php\/wp-json\/wp\/v2\/posts\/30463","targetHints":{"allow":["GET"]}}],"collection":[{"href":"https:\/\/www.sincomam.org.br\/index.php\/wp-json\/wp\/v2\/posts"}],"about":[{"href":"https:\/\/www.sincomam.org.br\/index.php\/wp-json\/wp\/v2\/types\/post"}],"author":[{"embeddable":true,"href":"https:\/\/www.sincomam.org.br\/index.php\/wp-json\/wp\/v2\/users\/1182"}],"replies":[{"embeddable":true,"href":"https:\/\/www.sincomam.org.br\/index.php\/wp-json\/wp\/v2\/comments?post=30463"}],"version-history":[{"count":1,"href":"https:\/\/www.sincomam.org.br\/index.php\/wp-json\/wp\/v2\/posts\/30463\/revisions"}],"predecessor-version":[{"id":30465,"href":"https:\/\/www.sincomam.org.br\/index.php\/wp-json\/wp\/v2\/posts\/30463\/revisions\/30465"}],"wp:featuredmedia":[{"embeddable":true,"href":"https:\/\/www.sincomam.org.br\/index.php\/wp-json\/wp\/v2\/media\/30464"}],"wp:attachment":[{"href":"https:\/\/www.sincomam.org.br\/index.php\/wp-json\/wp\/v2\/media?parent=30463"}],"wp:term":[{"taxonomy":"category","embeddable":true,"href":"https:\/\/www.sincomam.org.br\/index.php\/wp-json\/wp\/v2\/categories?post=30463"},{"taxonomy":"post_tag","embeddable":true,"href":"https:\/\/www.sincomam.org.br\/index.php\/wp-json\/wp\/v2\/tags?post=30463"}],"curies":[{"name":"wp","href":"https:\/\/api.w.org\/{rel}","templated":true}]}}