{"id":30451,"date":"2020-07-13T11:50:58","date_gmt":"2020-07-13T14:50:58","guid":{"rendered":"http:\/\/www.sincomam.org.br\/?p=30451"},"modified":"2020-07-13T11:50:58","modified_gmt":"2020-07-13T14:50:58","slug":"covid-19-pessoas-com-sintomas-leves-devem-procurar-atendimento-imediato","status":"publish","type":"post","link":"https:\/\/www.sincomam.org.br\/index.php\/covid-19-pessoas-com-sintomas-leves-devem-procurar-atendimento-imediato\/","title":{"rendered":"Covid-19: pessoas com sintomas \u2018leves\u2019 devem procurar atendimento imediato"},"content":{"rendered":"<p><strong><em>Minist\u00e9rio da Sa\u00fade pede aos brasileiros que busquem uma unidade de sa\u00fade para evitar o agravamento da doen\u00e7a e mortes<\/em><\/strong><\/p>\n<p>O Minist\u00e9rio da Sa\u00fade anuncia mudan\u00e7a na estrat\u00e9gia de combate ao novo coronav\u00edrus, e orienta que os brasileiros procurem as unidades de sa\u00fade assim que aparecerem os primeiros sintomas de Covid-19. De acordo com o secret\u00e1rio executivo do Minist\u00e9rio da Sa\u00fade, \u00c9lcio Franco, as pessoas que apresentarem sintomas \u2013 mesmo que leves \u2013 de infec\u00e7\u00e3o por covid-19 devem procurar atendimento m\u00e9dico o mais rapidamente poss\u00edvel, ao contr\u00e1rio da campanha anteriormente divulgada &#8211; pacientes leves \u201cfiquem em casa\u201d.<\/p>\n<p><em>\u201cPercebemos que, ao aguardar em casa, muitos chegam ao hospital em situa\u00e7\u00e3o mais agravada, e evoluem para quadros graves \u2013 com necessidade de UTI [unidade de tratamento intensivo] \u2013 muito rapidamente. Esta nova diretriz procura evitar mortes relacionadas \u00e0 doen\u00e7a\u201d, afirmou o secret\u00e1rio em declara\u00e7\u00e3o na TV Brasil.<\/em><\/p>\n<p>At\u00e9 o momento, o Brasil tem 1.866.176 casos confirmados da doen\u00e7a, e 72.151 \u00f3bitos por Covid-19. A taxa de letalidade est\u00e1 em 3,9%. Conforme os dados atualizados do Minist\u00e9rio da Sa\u00fade, o pa\u00eds registrou 1.213.512 pessoas recuperadas da doen\u00e7a. No mundo todo, estima-se que cerca de 6,4 milh\u00f5es de pessoas diagnosticadas com Covid-19 j\u00e1 se recuperaram.<\/p>\n<p>Um estudo realizado pelo Instituto Pasteur em colabora\u00e7\u00e3o com o Hospital Universit\u00e1rio de Estrasburgo, na Fran\u00e7a, aponta que uma &#8220;grande maioria&#8221; de pacientes que desenvolveram sintomas leves da Covid-19 produziram anticorpos que s\u00e3o respons\u00e1veis por imuniz\u00e1-los por &#8220;v\u00e1rias semanas&#8221;, divulgou o ve\u00edculo Olhar Digital.<\/p>\n<p><strong>Sintomas<\/strong><\/p>\n<p>Os sintomas da COVID-19 podem variar de um simples resfriado at\u00e9 uma pneumonia severa. Sendo os sintomas mais comuns:<\/p>\n<ul>\n<li>Tosse<\/li>\n<li>Febre<\/li>\n<li>Coriza<\/li>\n<li>Dor de garganta<\/li>\n<li>Dificuldade para respirar<\/li>\n<\/ul>\n<p><strong>Transmiss\u00e3o<\/strong><\/p>\n<p>A transmiss\u00e3o acontece de uma pessoa doente para outra ou por contato pr\u00f3ximo por meio de:<\/p>\n<ul>\n<li>Toque do aperto de m\u00e3o;<\/li>\n<li>Got\u00edculas de saliva;<\/li>\n<li>Espirro;<\/li>\n<li>Tosse;<\/li>\n<li>Catarro;<\/li>\n<li>Objetos ou superf\u00edcies contaminadas, como celulares, mesas, ma\u00e7anetas, brinquedos, teclados de computador etc.<\/li>\n<\/ul>\n<p>*Com informa\u00e7\u00f5es do Minist\u00e9rio da Sa\u00fade \/ <em>Foto:\u00a0<span id=\"autor_copyright\">Shutterstock<\/span><\/em><\/p>\n<p>Leia tamb\u00e9m: <a href=\"https:\/\/www.sincomam.org.br\/index.php\/como-se-prevenir-do-novo-coronavirus\/\" target=\"_blank\" rel=\"noopener noreferrer\"><strong>Como se proteger do Coronav\u00edrus<\/strong><\/a><\/p>\n","protected":false},"excerpt":{"rendered":"<p>Minist\u00e9rio da Sa\u00fade pede aos brasileiros que busquem uma unidade de sa\u00fade para evitar o agravamento da doen\u00e7a e mortes O Minist\u00e9rio da Sa\u00fade anuncia&#8230;<\/p>\n","protected":false},"author":1182,"featured_media":30452,"comment_status":"closed","ping_status":"closed","sticky":false,"template":"","format":"standard","meta":{"footnotes":""},"categories":[6],"tags":[61,2778,2752,2751,2888,1460,3397,378,1005,1375,519,3098],"class_list":["post-30451","post","type-post","status-publish","format-standard","has-post-thumbnail","hentry","category-noticias","tag-brasil","tag-casos","tag-coronavirus","tag-covid-19","tag-hospital","tag-infectados","tag-leves","tag-ministerio","tag-mortes","tag-populacao","tag-saude","tag-sintomas"],"_links":{"self":[{"href":"https:\/\/www.sincomam.org.br\/index.php\/wp-json\/wp\/v2\/posts\/30451","targetHints":{"allow":["GET"]}}],"collection":[{"href":"https:\/\/www.sincomam.org.br\/index.php\/wp-json\/wp\/v2\/posts"}],"about":[{"href":"https:\/\/www.sincomam.org.br\/index.php\/wp-json\/wp\/v2\/types\/post"}],"author":[{"embeddable":true,"href":"https:\/\/www.sincomam.org.br\/index.php\/wp-json\/wp\/v2\/users\/1182"}],"replies":[{"embeddable":true,"href":"https:\/\/www.sincomam.org.br\/index.php\/wp-json\/wp\/v2\/comments?post=30451"}],"version-history":[{"count":1,"href":"https:\/\/www.sincomam.org.br\/index.php\/wp-json\/wp\/v2\/posts\/30451\/revisions"}],"predecessor-version":[{"id":30453,"href":"https:\/\/www.sincomam.org.br\/index.php\/wp-json\/wp\/v2\/posts\/30451\/revisions\/30453"}],"wp:featuredmedia":[{"embeddable":true,"href":"https:\/\/www.sincomam.org.br\/index.php\/wp-json\/wp\/v2\/media\/30452"}],"wp:attachment":[{"href":"https:\/\/www.sincomam.org.br\/index.php\/wp-json\/wp\/v2\/media?parent=30451"}],"wp:term":[{"taxonomy":"category","embeddable":true,"href":"https:\/\/www.sincomam.org.br\/index.php\/wp-json\/wp\/v2\/categories?post=30451"},{"taxonomy":"post_tag","embeddable":true,"href":"https:\/\/www.sincomam.org.br\/index.php\/wp-json\/wp\/v2\/tags?post=30451"}],"curies":[{"name":"wp","href":"https:\/\/api.w.org\/{rel}","templated":true}]}}