{"id":30417,"date":"2020-07-10T09:14:46","date_gmt":"2020-07-10T12:14:46","guid":{"rendered":"http:\/\/www.sincomam.org.br\/?p=30417"},"modified":"2020-07-10T09:14:46","modified_gmt":"2020-07-10T12:14:46","slug":"porto-de-sao-francisco-do-sul-lanca-edital-de-dragagem","status":"publish","type":"post","link":"https:\/\/www.sincomam.org.br\/index.php\/porto-de-sao-francisco-do-sul-lanca-edital-de-dragagem\/","title":{"rendered":"Porto de S\u00e3o Francisco do Sul lan\u00e7a edital de dragagem"},"content":{"rendered":"<p>O Porto de S\u00e3o Francisco do Sul lan\u00e7ou na semana passada o edital de dragagem de manuten\u00e7\u00e3o para remo\u00e7\u00e3o de sedimentos, com volume aproximado de dois milh\u00f5es de metros c\u00fabicos, readequando o canal de acesso, a bacia de evolu\u00e7\u00e3o e os ber\u00e7os de atraca\u00e7\u00e3o.<\/p>\n<p>Essa obra vai permitir o recebimento de navios com maior capacidade de carga e oferecer mais seguran\u00e7a nas opera\u00e7\u00f5es, assegurando aumento na produtividade.<\/p>\n<p>\u201cO que buscamos com as opera\u00e7\u00f5es de dragagem \u00e9 que S\u00e3o Francisco do Sul continue sendo refer\u00eancia quanto a seguran\u00e7a da navega\u00e7\u00e3o e atra\u00e7\u00e3o de grandes navios,\u201d afirma Fabiano Ramalho, presidente da SCPar Porto de S\u00e3o Francisco do Sul, rec\u00e9m-nomeado.<\/p>\n<p>Assim que receber a ordem de servi\u00e7o, a empresa vencedora do certame ter\u00e1 o tempo m\u00e1ximo de 30 dias para a mobiliza\u00e7\u00e3o, sendo que o prazo para a conclus\u00e3o da obra \u00e9 de 160 dias (j\u00e1 contando com o per\u00edodo da mobiliza\u00e7\u00e3o).<\/p>\n<p>Fonte: Informativo dos Portos<\/p>\n","protected":false},"excerpt":{"rendered":"<p>O Porto de S\u00e3o Francisco do Sul lan\u00e7ou na semana passada o edital de dragagem de manuten\u00e7\u00e3o para remo\u00e7\u00e3o de sedimentos, com volume aproximado de&#8230;<\/p>\n","protected":false},"author":1182,"featured_media":30418,"comment_status":"closed","ping_status":"closed","sticky":false,"template":"","format":"standard","meta":{"footnotes":""},"categories":[6],"tags":[2747,603,3379,80,3378,1696],"class_list":["post-30417","post","type-post","status-publish","format-standard","has-post-thumbnail","hentry","category-noticias","tag-dragagem","tag-edital","tag-francisco","tag-porto","tag-sao","tag-sul"],"_links":{"self":[{"href":"https:\/\/www.sincomam.org.br\/index.php\/wp-json\/wp\/v2\/posts\/30417","targetHints":{"allow":["GET"]}}],"collection":[{"href":"https:\/\/www.sincomam.org.br\/index.php\/wp-json\/wp\/v2\/posts"}],"about":[{"href":"https:\/\/www.sincomam.org.br\/index.php\/wp-json\/wp\/v2\/types\/post"}],"author":[{"embeddable":true,"href":"https:\/\/www.sincomam.org.br\/index.php\/wp-json\/wp\/v2\/users\/1182"}],"replies":[{"embeddable":true,"href":"https:\/\/www.sincomam.org.br\/index.php\/wp-json\/wp\/v2\/comments?post=30417"}],"version-history":[{"count":1,"href":"https:\/\/www.sincomam.org.br\/index.php\/wp-json\/wp\/v2\/posts\/30417\/revisions"}],"predecessor-version":[{"id":30419,"href":"https:\/\/www.sincomam.org.br\/index.php\/wp-json\/wp\/v2\/posts\/30417\/revisions\/30419"}],"wp:featuredmedia":[{"embeddable":true,"href":"https:\/\/www.sincomam.org.br\/index.php\/wp-json\/wp\/v2\/media\/30418"}],"wp:attachment":[{"href":"https:\/\/www.sincomam.org.br\/index.php\/wp-json\/wp\/v2\/media?parent=30417"}],"wp:term":[{"taxonomy":"category","embeddable":true,"href":"https:\/\/www.sincomam.org.br\/index.php\/wp-json\/wp\/v2\/categories?post=30417"},{"taxonomy":"post_tag","embeddable":true,"href":"https:\/\/www.sincomam.org.br\/index.php\/wp-json\/wp\/v2\/tags?post=30417"}],"curies":[{"name":"wp","href":"https:\/\/api.w.org\/{rel}","templated":true}]}}