{"id":30402,"date":"2020-07-09T12:34:58","date_gmt":"2020-07-09T15:34:58","guid":{"rendered":"http:\/\/www.sincomam.org.br\/?p=30402"},"modified":"2020-07-09T12:38:39","modified_gmt":"2020-07-09T15:38:39","slug":"sancionada-lei-de-combate-a-violencia-domestica-durante-a-covid-19","status":"publish","type":"post","link":"https:\/\/www.sincomam.org.br\/index.php\/sancionada-lei-de-combate-a-violencia-domestica-durante-a-covid-19\/","title":{"rendered":"Sancionada lei de combate \u00e0 viol\u00eancia dom\u00e9stica durante a pandemia"},"content":{"rendered":"<p><strong><em>Projeto de lei foi apresentado ao Senado com objetivo de conter o avan\u00e7o da viol\u00eancia contra a mulher, crian\u00e7as, adolescentes, idosos e pessoas com defici\u00eancia <\/em><\/strong><\/p>\n<p>O presidente Jair Bolsonaro sancionou &#8211; sem vetos &#8211; a lei que prev\u00ea a\u00e7\u00f5es de enfrentamento \u00e0 viol\u00eancia dom\u00e9stica contra mulheres, idosos, crian\u00e7as e pessoas com defici\u00eancia durante a pandemia do Covid-19. A Lei n\u00ba 14.022\/2020, foi publicada nesta quarta-feira (8) no Di\u00e1rio Oficial da Uni\u00e3o.<\/p>\n<p>O PL 1.291\/2020, que originou a lei, foi apresentado para tentar conter o aumento de casos de viol\u00eancia dom\u00e9stica no Brasil. O texto foi aprovado pelos senadores no in\u00edcio de junho. A relatora, senadora Rose de Freitas (Podemos-ES), ampliou o alcance das medidas tamb\u00e9m para pessoas com defici\u00eancia que sofram viol\u00eancia dom\u00e9stica e familiar.<\/p>\n<p><strong>Servi\u00e7os<\/strong><\/p>\n<p>A nova lei determina o funcionamento ininterrupto de \u00f3rg\u00e3os e servi\u00e7os de atendimento a v\u00edtimas de viol\u00eancia dom\u00e9stica em todo o pa\u00eds. Tamb\u00e9m foram alteradas a Lei Maria da Penha e o Decreto 10.282\/2020, que define os servi\u00e7os considerados essenciais durante a pandemia. A norma\u00a0ainda define como &#8220;de natureza urgente&#8221; todos os processos tratando de casos de viol\u00eancia dom\u00e9stica durante a pandemia, ficando proibidas a interrup\u00e7\u00e3o e a suspens\u00e3o dos prazos processuais.<\/p>\n<p>Os atendimentos podem ser realizados por meio eletr\u00f4nico, telef\u00f4nico e presencial, que ser\u00e1 obrigat\u00f3rio caso as medidas protetivas de urg\u00eancia forem descumpridas. Tamb\u00e9m fica garantida a realiza\u00e7\u00e3o priorit\u00e1ria de exames de corpo de delito para crimes que envolvam viol\u00eancia dom\u00e9stica e familiar.<\/p>\n<p><strong>Como denunciar<\/strong><\/p>\n<p>As den\u00fancias de viol\u00eancia recebidas pela Central de Atendimento \u00e0 Mulher (Ligue 180) e pelo Servi\u00e7o de Prote\u00e7\u00e3o a Crian\u00e7as e Adolescentes (Disque 100) devem ser repassadas com urg\u00eancia aos \u00f3rg\u00e3os competentes. <strong><a href=\"https:\/\/ouvidoria.mdh.gov.br\/\" target=\"_blank\" rel=\"noopener noreferrer\">Acesse aqui<\/a> <\/strong>os canais de atendimento da Ouvidoria Nacional de Direitos Humanos.<\/p>\n<p>O aplicativo Direitos Humanos Brasil, respons\u00e1veis por receber, ouvir e encaminhar den\u00fancias de viola\u00e7\u00f5es aos direitos humanos \u00e9 outro canal de comunica\u00e7\u00e3o para quem sofrer alguma agress\u00e3o. Pelo aplicativo \u00e9 poss\u00edvel, inclusive, enviar fotos e v\u00eddeos. Todos esses canais tamb\u00e9m est\u00e3o acess\u00edveis em Libras <strong><a href=\"https:\/\/atendelibras.mdh.gov.br\/acesso\" target=\"_blank\" rel=\"noopener noreferrer\">(clique aqui)<\/a>,<\/strong> para pessoas surdas ou com defici\u00eancia auditiva.<\/p>\n<p>*Com informa\u00e7\u00f5es da Ag\u00eancia Senado<\/p>\n","protected":false},"excerpt":{"rendered":"<p>Projeto de lei foi apresentado ao Senado com objetivo de conter o avan\u00e7o da viol\u00eancia contra a mulher, crian\u00e7as, adolescentes, idosos e pessoas com defici\u00eancia&#8230;<\/p>\n","protected":false},"author":1182,"featured_media":30403,"comment_status":"closed","ping_status":"closed","sticky":false,"template":"","format":"standard","meta":{"footnotes":""},"categories":[6],"tags":[590,720,1170,381,2978,271,1003,3377,3366,1703,943],"class_list":["post-30402","post","type-post","status-publish","format-standard","has-post-thumbnail","hentry","category-noticias","tag-acoes","tag-atendimento","tag-delegacia","tag-denuncia","tag-domestica","tag-funcionamento","tag-internet","tag-lei-14-022-2020","tag-sancionada","tag-vetos","tag-violencia"],"_links":{"self":[{"href":"https:\/\/www.sincomam.org.br\/index.php\/wp-json\/wp\/v2\/posts\/30402","targetHints":{"allow":["GET"]}}],"collection":[{"href":"https:\/\/www.sincomam.org.br\/index.php\/wp-json\/wp\/v2\/posts"}],"about":[{"href":"https:\/\/www.sincomam.org.br\/index.php\/wp-json\/wp\/v2\/types\/post"}],"author":[{"embeddable":true,"href":"https:\/\/www.sincomam.org.br\/index.php\/wp-json\/wp\/v2\/users\/1182"}],"replies":[{"embeddable":true,"href":"https:\/\/www.sincomam.org.br\/index.php\/wp-json\/wp\/v2\/comments?post=30402"}],"version-history":[{"count":3,"href":"https:\/\/www.sincomam.org.br\/index.php\/wp-json\/wp\/v2\/posts\/30402\/revisions"}],"predecessor-version":[{"id":30406,"href":"https:\/\/www.sincomam.org.br\/index.php\/wp-json\/wp\/v2\/posts\/30402\/revisions\/30406"}],"wp:featuredmedia":[{"embeddable":true,"href":"https:\/\/www.sincomam.org.br\/index.php\/wp-json\/wp\/v2\/media\/30403"}],"wp:attachment":[{"href":"https:\/\/www.sincomam.org.br\/index.php\/wp-json\/wp\/v2\/media?parent=30402"}],"wp:term":[{"taxonomy":"category","embeddable":true,"href":"https:\/\/www.sincomam.org.br\/index.php\/wp-json\/wp\/v2\/categories?post=30402"},{"taxonomy":"post_tag","embeddable":true,"href":"https:\/\/www.sincomam.org.br\/index.php\/wp-json\/wp\/v2\/tags?post=30402"}],"curies":[{"name":"wp","href":"https:\/\/api.w.org\/{rel}","templated":true}]}}