{"id":30396,"date":"2020-07-09T11:01:17","date_gmt":"2020-07-09T14:01:17","guid":{"rendered":"http:\/\/www.sincomam.org.br\/?p=30396"},"modified":"2020-07-09T11:01:17","modified_gmt":"2020-07-09T14:01:17","slug":"nascidos-em-abril-podem-sacar-primeira-parcela-de-auxilio-hoje","status":"publish","type":"post","link":"https:\/\/www.sincomam.org.br\/index.php\/nascidos-em-abril-podem-sacar-primeira-parcela-de-auxilio-hoje\/","title":{"rendered":"Nascidos em abril podem sacar primeira parcela de aux\u00edlio hoje"},"content":{"rendered":"<p><strong><em>Caixa paga terceiro lote do benef\u00edcio<\/em><\/strong><\/p>\n<p>Cerca de 400 mil benefici\u00e1rios do aux\u00edlio emergencial, contemplados no terceiro lote do benef\u00edcio, podem sacar hoje (9) os recursos da primeira parcela. O saque est\u00e1 liberado para os nascidos em abril. O aux\u00edlio, com parcelas de R$ 600 (R$ 1,2 mil para m\u00e3es solteiras), foi criado para reduzir os efeitos da crise econ\u00f4mica causada pela pandemia de covid-19.<\/p>\n<p>A libera\u00e7\u00e3o do saque e a transfer\u00eancia da poupan\u00e7a social da Caixa para outros bancos est\u00e3o sendo feitas de acordo com o m\u00eas de nascimento dos benefici\u00e1rios. Os recursos s\u00e3o transferidos automaticamente para as contas indicadas.<\/p>\n<p>O calend\u00e1rio de saque segue o seguinte cronograma: segunda-feira (6) foi a vez dos nascidos em janeiro; ter\u00e7a-feira (7), nascidos em fevereiro, quarta-feira (8), nascidos em mar\u00e7o; na quinta-feira (9), nascidos em abril; na sexta-feira (10), nascidos em maio; no s\u00e1bado (11), nascidos em junho; na segunda (13), nascidos em julho; na ter\u00e7a-feira (14), nascidos em agosto; na quarta-feira (15), nascidos em setembro; na quinta-feira (16), nascidos em outubro; na sexta-feira (17), nascidos em novembro; e no s\u00e1bado (18), nascidos em dezembro. No total, o saque ser\u00e1 liberado para cerca de 4,8 milh\u00f5es de pessoas.<\/p>\n<p>Fonte: Ag\u00eancia Brasil<\/p>\n<p><strong>Leia tamb\u00e9m:<a href=\"https:\/\/agenciabrasil.ebc.com.br\/economia\/noticia\/2020-07\/nascidos-em-abril-podem-sacar-primeira-parcela-de-auxilio-hoje\" target=\"_blank\" rel=\"noopener noreferrer\"> Aux\u00edlio emergencial negado pode ser contestado pelo app da Caixa<\/a><\/strong><\/p>\n","protected":false},"excerpt":{"rendered":"<p>Caixa paga terceiro lote do benef\u00edcio Cerca de 400 mil benefici\u00e1rios do aux\u00edlio emergencial, contemplados no terceiro lote do benef\u00edcio, podem sacar hoje (9) os&#8230;<\/p>\n","protected":false},"author":1182,"featured_media":18935,"comment_status":"closed","ping_status":"closed","sticky":false,"template":"","format":"standard","meta":{"footnotes":""},"categories":[6],"tags":[1757,204,1510,1469],"class_list":["post-30396","post","type-post","status-publish","format-standard","has-post-thumbnail","hentry","category-noticias","tag-auxilio","tag-pagamento","tag-parcela","tag-primeira"],"_links":{"self":[{"href":"https:\/\/www.sincomam.org.br\/index.php\/wp-json\/wp\/v2\/posts\/30396","targetHints":{"allow":["GET"]}}],"collection":[{"href":"https:\/\/www.sincomam.org.br\/index.php\/wp-json\/wp\/v2\/posts"}],"about":[{"href":"https:\/\/www.sincomam.org.br\/index.php\/wp-json\/wp\/v2\/types\/post"}],"author":[{"embeddable":true,"href":"https:\/\/www.sincomam.org.br\/index.php\/wp-json\/wp\/v2\/users\/1182"}],"replies":[{"embeddable":true,"href":"https:\/\/www.sincomam.org.br\/index.php\/wp-json\/wp\/v2\/comments?post=30396"}],"version-history":[{"count":1,"href":"https:\/\/www.sincomam.org.br\/index.php\/wp-json\/wp\/v2\/posts\/30396\/revisions"}],"predecessor-version":[{"id":30397,"href":"https:\/\/www.sincomam.org.br\/index.php\/wp-json\/wp\/v2\/posts\/30396\/revisions\/30397"}],"wp:featuredmedia":[{"embeddable":true,"href":"https:\/\/www.sincomam.org.br\/index.php\/wp-json\/wp\/v2\/media\/18935"}],"wp:attachment":[{"href":"https:\/\/www.sincomam.org.br\/index.php\/wp-json\/wp\/v2\/media?parent=30396"}],"wp:term":[{"taxonomy":"category","embeddable":true,"href":"https:\/\/www.sincomam.org.br\/index.php\/wp-json\/wp\/v2\/categories?post=30396"},{"taxonomy":"post_tag","embeddable":true,"href":"https:\/\/www.sincomam.org.br\/index.php\/wp-json\/wp\/v2\/tags?post=30396"}],"curies":[{"name":"wp","href":"https:\/\/api.w.org\/{rel}","templated":true}]}}